{"id":74079,"date":"2025-07-26T16:37:23","date_gmt":"2025-07-26T22:37:23","guid":{"rendered":"https:\/\/informativoelvalledeaguascalientes.online\/?p=74079"},"modified":"2025-07-26T16:37:23","modified_gmt":"2025-07-26T22:37:23","slug":"fuerza-y-coordinacion-por-la-seguridad-de-aguascalientes-tje","status":"publish","type":"post","link":"https:\/\/informativoelvalledeaguascalientes.online\/?p=74079","title":{"rendered":"FUERZA Y COORDINACI\u00d3N POR LA SEGURIDAD DE AGUASCALIENTES: TJE"},"content":{"rendered":"<p class=\"p1\">#informativoelvalledeaguascalientes<span class=\"Apple-converted-space\">\u00a0 <\/span>#novaradioaguascalientes #informativoelvalledeaguascalientesll #Aguascalientes<\/p>\n<p>&nbsp;<\/p>\n<div class=\"xdj266r x14z9mp xat24cr x1lziwak x1vvkbs x126k92a\">\n<div dir=\"auto\"><\/div>\n<\/div>\n<div class=\"x14z9mp xat24cr x1lziwak x1vvkbs xtlvy1s x126k92a\">\n<div dir=\"auto\">Debido a las recientes detenciones que se hicieron esta ma\u00f1ana en Rinc\u00f3n de Romos, sostuve una reuni\u00f3n con la Fiscal\u00eda del Estado de Aguascalientes, Secretar\u00eda de Seguridad P\u00fablica y el alcalde Leo Monta\u00f1ez, con quienes revisamos las investigaciones y estrategias de seguridad con el objetivo de seguir trabajando en coordinaci\u00f3n por la paz y la tranquilidad de las familias de Aguascalientes.<\/div>\n<div dir=\"auto\"><\/div>\n<\/div>\n<div class=\"x14z9mp xat24cr x1lziwak x1vvkbs xtlvy1s x126k92a\">\n<div dir=\"auto\">Quiero agradecer y reconocer la labor de los cuerpos de seguridad de los 3 niveles de gobierno: Guardia Nacional, Ej\u00e9rcito Mexicano, Fiscal\u00eda General del Estado, Polic\u00eda Estatal y Municipales; su valent\u00eda y esfuerzo nos permiten seguir viviendo en uno de los estados m\u00e1s seguros del pa\u00eds.<\/div>\n<div dir=\"auto\"><\/div>\n<\/div>\n<div class=\"x14z9mp xat24cr x1lziwak x1vvkbs xtlvy1s x126k92a\">\n<div dir=\"auto\">En Aguascalientes no bajaremos la guardia, quien la hace, la paga.<\/div>\n<\/div>\n","protected":false},"excerpt":{"rendered":"<p>#informativoelvalledeaguascalientes\u00a0 #novaradioaguascalientes #informativoelvalledeaguascalientesll #Aguascalientes &nbsp; Debido a las recientes detenciones que se hicieron esta ma\u00f1ana en Rinc\u00f3n de Romos, sostuve una reuni\u00f3n con la Fiscal\u00eda del Estado de Aguascalientes, Secretar\u00eda de Seguridad P\u00fablica y el alcalde Leo Monta\u00f1ez, con quienes revisamos las investigaciones y estrategias de seguridad con el objetivo de seguir trabajando en coordinaci\u00f3n [&hellip;]<\/p>\n","protected":false},"author":1,"featured_media":74080,"comment_status":"closed","ping_status":"open","sticky":false,"template":"","format":"standard","meta":{"advanced_seo_description":"","jetpack_seo_html_title":"","jetpack_seo_noindex":false,"_jetpack_memberships_contains_paid_content":false,"footnotes":"","jetpack_publicize_message":"","jetpack_publicize_feature_enabled":true,"jetpack_social_post_already_shared":true,"jetpack_social_options":{"image_generator_settings":{"template":"highway","default_image_id":0,"font":"","enabled":false},"version":2}},"categories":[21,4],"tags":[22,615],"class_list":["post-74079","post","type-post","status-publish","format-standard","has-post-thumbnail","hentry","category-aguascalientes","category-gobierno-del-estado-aguascalientes","tag-aguascalientes","tag-gobierno-del-estado-de-aguascalientes"],"jetpack_publicize_connections":[],"jetpack_featured_media_url":"https:\/\/i0.wp.com\/informativoelvalledeaguascalientes.online\/wp-content\/uploads\/2025\/07\/523279617_1310682623748270_1747355903791453314_n.jpg?fit=1440%2C960&ssl=1","jetpack-related-posts":[],"jetpack_sharing_enabled":true,"jetpack_likes_enabled":true,"_links":{"self":[{"href":"https:\/\/informativoelvalledeaguascalientes.online\/index.php?rest_route=\/wp\/v2\/posts\/74079","targetHints":{"allow":["GET"]}}],"collection":[{"href":"https:\/\/informativoelvalledeaguascalientes.online\/index.php?rest_route=\/wp\/v2\/posts"}],"about":[{"href":"https:\/\/informativoelvalledeaguascalientes.online\/index.php?rest_route=\/wp\/v2\/types\/post"}],"author":[{"embeddable":true,"href":"https:\/\/informativoelvalledeaguascalientes.online\/index.php?rest_route=\/wp\/v2\/users\/1"}],"replies":[{"embeddable":true,"href":"https:\/\/informativoelvalledeaguascalientes.online\/index.php?rest_route=%2Fwp%2Fv2%2Fcomments&post=74079"}],"version-history":[{"count":1,"href":"https:\/\/informativoelvalledeaguascalientes.online\/index.php?rest_route=\/wp\/v2\/posts\/74079\/revisions"}],"predecessor-version":[{"id":74081,"href":"https:\/\/informativoelvalledeaguascalientes.online\/index.php?rest_route=\/wp\/v2\/posts\/74079\/revisions\/74081"}],"wp:featuredmedia":[{"embeddable":true,"href":"https:\/\/informativoelvalledeaguascalientes.online\/index.php?rest_route=\/wp\/v2\/media\/74080"}],"wp:attachment":[{"href":"https:\/\/informativoelvalledeaguascalientes.online\/index.php?rest_route=%2Fwp%2Fv2%2Fmedia&parent=74079"}],"wp:term":[{"taxonomy":"category","embeddable":true,"href":"https:\/\/informativoelvalledeaguascalientes.online\/index.php?rest_route=%2Fwp%2Fv2%2Fcategories&post=74079"},{"taxonomy":"post_tag","embeddable":true,"href":"https:\/\/informativoelvalledeaguascalientes.online\/index.php?rest_route=%2Fwp%2Fv2%2Ftags&post=74079"}],"curies":[{"name":"wp","href":"https:\/\/api.w.org\/{rel}","templated":true}]}}