{"id":73494,"date":"2025-07-14T23:42:00","date_gmt":"2025-07-15T05:42:00","guid":{"rendered":"https:\/\/informativoelvalledeaguascalientes.online\/?p=73494"},"modified":"2025-07-14T23:42:00","modified_gmt":"2025-07-15T05:42:00","slug":"cursos-de-verano-gratuitos-de-iniciacion-musical-para-ninas-y-ninos-de-jesus-maria","status":"publish","type":"post","link":"https:\/\/informativoelvalledeaguascalientes.online\/?p=73494","title":{"rendered":"CURSOS DE VERANO GRATUITOS DE INICIACI\u00d3N MUSICAL PARA NI\u00d1AS Y NI\u00d1OS DE JES\u00daS MAR\u00cdA"},"content":{"rendered":"<p class=\"p1\">#informativoelvalledeaguascalientes<span class=\"Apple-converted-space\">\u00a0 <\/span>#novaradioaguascalientes #informativoelvalledeaguascalientesll #Aguascalientes<\/p>\n<p>&nbsp;<\/p>\n<p>&nbsp;<\/p>\n<p>El Gobierno Municipal de Jes\u00fas Mar\u00eda, a trav\u00e9s de la Instancia de Cultura, invita a la ciudadan\u00eda a inscribir a sus hijas e hijos a los cursos de verano de iniciaci\u00f3n musical, que se llevar\u00e1n a cabo del 28 de julio al 2 de agosto, en un horario de 9:00 a 13:00 horas.<\/p>\n<p>Las clases se impartir\u00e1n de forma gratuita en las Casas de M\u00fasica, tanto en la ubicada en la colonia Ejidal como en la comunidad de Margaritas, y est\u00e1n dirigidas a ni\u00f1as y ni\u00f1os de entre 5 y 12 a\u00f1os de edad.<\/p>\n<p>Durante el curso, los menores aprender\u00e1n canto, r\u00edtmica y participar\u00e1n en el taller \u201cCuerpo y Movimiento\u201d, dise\u00f1ado para fomentar la expresi\u00f3n corporal a trav\u00e9s del arte.<\/p>\n<p>Las inscripciones ya est\u00e1n abiertas, los interesados pueden acudir directamente a cualquiera de las Casas de M\u00fasica o solicitar mayores informes al n\u00famero 449 536 3428.<\/p>\n<p>Cabe se\u00f1alar que durante estos cursos los menores desarrollar\u00e1n su creatividad, sensibilidad art\u00edstica y gusto por la m\u00fasica durante el verano.<\/p>\n","protected":false},"excerpt":{"rendered":"<p>#informativoelvalledeaguascalientes\u00a0 #novaradioaguascalientes #informativoelvalledeaguascalientesll #Aguascalientes &nbsp; &nbsp; El Gobierno Municipal de Jes\u00fas Mar\u00eda, a trav\u00e9s de la Instancia de Cultura, invita a la ciudadan\u00eda a inscribir a sus hijas e hijos a los cursos de verano de iniciaci\u00f3n musical, que se llevar\u00e1n a cabo del 28 de julio al 2 de agosto, en un horario de [&hellip;]<\/p>\n","protected":false},"author":1,"featured_media":73495,"comment_status":"closed","ping_status":"open","sticky":false,"template":"","format":"standard","meta":{"advanced_seo_description":"","jetpack_seo_html_title":"","jetpack_seo_noindex":false,"_jetpack_memberships_contains_paid_content":false,"footnotes":"","jetpack_publicize_message":"","jetpack_publicize_feature_enabled":true,"jetpack_social_post_already_shared":true,"jetpack_social_options":{"image_generator_settings":{"template":"highway","default_image_id":0,"font":"","enabled":false},"version":2}},"categories":[21,14],"tags":[22,45],"class_list":["post-73494","post","type-post","status-publish","format-standard","has-post-thumbnail","hentry","category-aguascalientes","category-jesus-maria-aguascalientes","tag-aguascalientes","tag-jesus-maria-aguascalientes"],"jetpack_publicize_connections":[],"jetpack_featured_media_url":"https:\/\/i0.wp.com\/informativoelvalledeaguascalientes.online\/wp-content\/uploads\/2025\/07\/478a5924-d83e-41e5-8f83-3f137890c5ff.jpeg?fit=1080%2C1350&ssl=1","jetpack-related-posts":[],"jetpack_sharing_enabled":true,"jetpack_likes_enabled":true,"_links":{"self":[{"href":"https:\/\/informativoelvalledeaguascalientes.online\/index.php?rest_route=\/wp\/v2\/posts\/73494","targetHints":{"allow":["GET"]}}],"collection":[{"href":"https:\/\/informativoelvalledeaguascalientes.online\/index.php?rest_route=\/wp\/v2\/posts"}],"about":[{"href":"https:\/\/informativoelvalledeaguascalientes.online\/index.php?rest_route=\/wp\/v2\/types\/post"}],"author":[{"embeddable":true,"href":"https:\/\/informativoelvalledeaguascalientes.online\/index.php?rest_route=\/wp\/v2\/users\/1"}],"replies":[{"embeddable":true,"href":"https:\/\/informativoelvalledeaguascalientes.online\/index.php?rest_route=%2Fwp%2Fv2%2Fcomments&post=73494"}],"version-history":[{"count":1,"href":"https:\/\/informativoelvalledeaguascalientes.online\/index.php?rest_route=\/wp\/v2\/posts\/73494\/revisions"}],"predecessor-version":[{"id":73496,"href":"https:\/\/informativoelvalledeaguascalientes.online\/index.php?rest_route=\/wp\/v2\/posts\/73494\/revisions\/73496"}],"wp:featuredmedia":[{"embeddable":true,"href":"https:\/\/informativoelvalledeaguascalientes.online\/index.php?rest_route=\/wp\/v2\/media\/73495"}],"wp:attachment":[{"href":"https:\/\/informativoelvalledeaguascalientes.online\/index.php?rest_route=%2Fwp%2Fv2%2Fmedia&parent=73494"}],"wp:term":[{"taxonomy":"category","embeddable":true,"href":"https:\/\/informativoelvalledeaguascalientes.online\/index.php?rest_route=%2Fwp%2Fv2%2Fcategories&post=73494"},{"taxonomy":"post_tag","embeddable":true,"href":"https:\/\/informativoelvalledeaguascalientes.online\/index.php?rest_route=%2Fwp%2Fv2%2Ftags&post=73494"}],"curies":[{"name":"wp","href":"https:\/\/api.w.org\/{rel}","templated":true}]}}