{"id":72996,"date":"2025-07-04T00:20:54","date_gmt":"2025-07-04T06:20:54","guid":{"rendered":"https:\/\/informativoelvalledeaguascalientes.online\/?p=72996"},"modified":"2025-07-04T00:20:54","modified_gmt":"2025-07-04T06:20:54","slug":"concluyen-talleres-de-cedecos-en-jesus-maria-con-gran-participacion-ciudadana","status":"publish","type":"post","link":"https:\/\/informativoelvalledeaguascalientes.online\/?p=72996","title":{"rendered":"CONCLUYEN TALLERES DE CEDECOS EN JES\u00daS MAR\u00cdA CON GRAN PARTICIPACI\u00d3N CIUDADANA"},"content":{"rendered":"<p class=\"p1\">#informativoelvalledeaguascalientes<span class=\"Apple-converted-space\">\u00a0 <\/span>#novaradioaguascalientes #informativoelvalledeaguascalientesll #Aguascalientes<\/p>\n<p>&nbsp;<\/p>\n<p>&nbsp;<\/p>\n<p>\u2022 Jes\u00fas Mar\u00eda ya cuenta con diez CEDECOS en distintos puntos<br \/>\n\u2022 Ya est\u00e1n abiertas las inscripciones para los pr\u00f3ximos cursos<\/p>\n<p>&nbsp;<\/p>\n<p>En el municipio de Jes\u00fas Mar\u00eda, se llev\u00f3 a cabo la clausura de los talleres que se impartieron de enero a junio en los Centros de Desarrollo Comunitario (CEDECOS), donde ni\u00f1as y ni\u00f1os, j\u00f3venes y adultos participaron en una amplia gama de actividades que promueven el aprendizaje, la inclusi\u00f3n y el fortalecimiento de la econom\u00eda local.<\/p>\n<p>En el evento de clausura, el presidente municipal de Jes\u00fas Mar\u00eda C\u00e9sar Medina resalt\u00f3 la relevancia de los CEDECOS como espacios de transformaci\u00f3n social y desarrollo personal e inform\u00f3 que actualmente el municipio cuenta con diez centros en funcionamiento y que pr\u00f3ximamente se inaugurar\u00e1 el CEDECO de la delegaci\u00f3n Venadero, toda vez que se ha realizado un arduo trabajo para acercar estas iniciativas a todas las delegaciones y rincones del municipio.<\/p>\n<p>\u201cLos CEDECOS son mucho m\u00e1s que lugares de ense\u00f1anza, son espacios que contribuyen a la reconstrucci\u00f3n del tejido social, generando un impacto positivo tanto en la vida de las personas como en la econom\u00eda familiar. Gracias a los talleres como reposter\u00eda, aplicaci\u00f3n de u\u00f1as y corte de cabello, muchos de nuestros ciudadanos tienen ahora herramientas para el autoempleo\u201d, se\u00f1al\u00f3 el alcalde.<\/p>\n<p>Adem\u00e1s, agradeci\u00f3 a los talleristas por su dedicaci\u00f3n y esfuerzo, as\u00ed como a los padres de familia; finalmente invit\u00f3 a la ciudadan\u00eda a acercarse a la Secretar\u00eda de Desarrollo Social o comunicarse al tel\u00e9fono 449 965 00 00 para inscribirse en los talleres que se ofrecer\u00e1n en el pr\u00f3ximo ciclo, entre los que se incluyen clases de guitarra, ballet, zumba, reposter\u00eda y danza, entre otros, con el objetivo de seguir impulsando la educaci\u00f3n y el desarrollo en la comunidad.<\/p>\n","protected":false},"excerpt":{"rendered":"<p>#informativoelvalledeaguascalientes\u00a0 #novaradioaguascalientes #informativoelvalledeaguascalientesll #Aguascalientes &nbsp; &nbsp; \u2022 Jes\u00fas Mar\u00eda ya cuenta con diez CEDECOS en distintos puntos \u2022 Ya est\u00e1n abiertas las inscripciones para los pr\u00f3ximos cursos &nbsp; En el municipio de Jes\u00fas Mar\u00eda, se llev\u00f3 a cabo la clausura de los talleres que se impartieron de enero a junio en los Centros de Desarrollo [&hellip;]<\/p>\n","protected":false},"author":1,"featured_media":72997,"comment_status":"closed","ping_status":"open","sticky":false,"template":"","format":"standard","meta":{"advanced_seo_description":"","jetpack_seo_html_title":"","jetpack_seo_noindex":false,"_jetpack_memberships_contains_paid_content":false,"footnotes":"","jetpack_publicize_message":"","jetpack_publicize_feature_enabled":true,"jetpack_social_post_already_shared":true,"jetpack_social_options":{"image_generator_settings":{"template":"highway","default_image_id":0,"font":"","enabled":false},"version":2}},"categories":[21,14],"tags":[22,45],"class_list":["post-72996","post","type-post","status-publish","format-standard","has-post-thumbnail","hentry","category-aguascalientes","category-jesus-maria-aguascalientes","tag-aguascalientes","tag-jesus-maria-aguascalientes"],"jetpack_publicize_connections":[],"jetpack_featured_media_url":"https:\/\/i0.wp.com\/informativoelvalledeaguascalientes.online\/wp-content\/uploads\/2025\/07\/ef2681c7-ad56-428f-8685-2f01fa1e17f7-scaled.jpeg?fit=2560%2C1703&ssl=1","jetpack-related-posts":[],"jetpack_sharing_enabled":true,"jetpack_likes_enabled":true,"_links":{"self":[{"href":"https:\/\/informativoelvalledeaguascalientes.online\/index.php?rest_route=\/wp\/v2\/posts\/72996","targetHints":{"allow":["GET"]}}],"collection":[{"href":"https:\/\/informativoelvalledeaguascalientes.online\/index.php?rest_route=\/wp\/v2\/posts"}],"about":[{"href":"https:\/\/informativoelvalledeaguascalientes.online\/index.php?rest_route=\/wp\/v2\/types\/post"}],"author":[{"embeddable":true,"href":"https:\/\/informativoelvalledeaguascalientes.online\/index.php?rest_route=\/wp\/v2\/users\/1"}],"replies":[{"embeddable":true,"href":"https:\/\/informativoelvalledeaguascalientes.online\/index.php?rest_route=%2Fwp%2Fv2%2Fcomments&post=72996"}],"version-history":[{"count":1,"href":"https:\/\/informativoelvalledeaguascalientes.online\/index.php?rest_route=\/wp\/v2\/posts\/72996\/revisions"}],"predecessor-version":[{"id":72998,"href":"https:\/\/informativoelvalledeaguascalientes.online\/index.php?rest_route=\/wp\/v2\/posts\/72996\/revisions\/72998"}],"wp:featuredmedia":[{"embeddable":true,"href":"https:\/\/informativoelvalledeaguascalientes.online\/index.php?rest_route=\/wp\/v2\/media\/72997"}],"wp:attachment":[{"href":"https:\/\/informativoelvalledeaguascalientes.online\/index.php?rest_route=%2Fwp%2Fv2%2Fmedia&parent=72996"}],"wp:term":[{"taxonomy":"category","embeddable":true,"href":"https:\/\/informativoelvalledeaguascalientes.online\/index.php?rest_route=%2Fwp%2Fv2%2Fcategories&post=72996"},{"taxonomy":"post_tag","embeddable":true,"href":"https:\/\/informativoelvalledeaguascalientes.online\/index.php?rest_route=%2Fwp%2Fv2%2Ftags&post=72996"}],"curies":[{"name":"wp","href":"https:\/\/api.w.org\/{rel}","templated":true}]}}