{"id":72927,"date":"2025-07-02T18:30:42","date_gmt":"2025-07-03T00:30:42","guid":{"rendered":"https:\/\/informativoelvalledeaguascalientes.online\/?p=72927"},"modified":"2025-07-02T18:30:42","modified_gmt":"2025-07-03T00:30:42","slug":"atletas-de-aguascalientes-en-la-seleccion-nacional-de-patinaje-2025","status":"publish","type":"post","link":"https:\/\/informativoelvalledeaguascalientes.online\/?p=72927","title":{"rendered":"ATLETAS DE AGUASCALIENTES EN LA SELECCI\u00d3N NACIONAL DE PATINAJE 2025"},"content":{"rendered":"<p class=\"p1\">#informativoelvalledeaguascalientes<span class=\"Apple-converted-space\">\u00a0 <\/span>#novaradioaguascalientes #informativoelvalledeaguascalientesll #Aguascalientes<\/p>\n<p>&nbsp;<\/p>\n<p>&nbsp;<\/p>\n<p>El talento hidroc\u00e1lido vuelve a destacar en la escena internacional. La Federaci\u00f3n Mexicana de Patines sobre Ruedas A. C. dio a conocer la lista de seleccionados nacionales que participar\u00e1n en el Campeonato Panamericano de Patinaje de Velocidad de Naciones 2025, a celebrarse del 5 al 14 de julio en Guarne, Antioquia, Colombia, y Aguascalientes estar\u00e1 presente con tres atletas y una entrenadora.<\/p>\n<p>Los representantes hidroc\u00e1lidos son:<\/p>\n<p>Patricio de Luna Marroqu\u00ed \u2013 categor\u00eda Junior, modalidad velocidad<br \/>\nCarlos Monsiv\u00e1is Villalobos \u2013 categor\u00eda Senior, modalidad velocidad<br \/>\nBrianda Victoria Carmona V\u00e1zquez \u2013 categor\u00eda Senior, modalidad fondo<br \/>\nPaulina Ubalda Mart\u00ednez P\u00e9rez \u2013 entrenadora<\/p>\n<p>El compromiso, la disciplina y el esfuerzo de estos atletas y entrenadora reflejan el crecimiento y nivel competitivo que Aguascalientes ha alcanzado en el patinaje de velocidad a nivel nacional e internacional.<\/p>\n<p>El Instituto del Deporte del Estado de Aguascalientes reconoce y felicita a estos deportistas y su cuerpo t\u00e9cnico, dese\u00e1ndoles \u00e9xito en esta importante competencia, seguros de que representar\u00e1n con orgullo a nuestro estado y M\u00e9xico.<\/p>\n","protected":false},"excerpt":{"rendered":"<p>#informativoelvalledeaguascalientes\u00a0 #novaradioaguascalientes #informativoelvalledeaguascalientesll #Aguascalientes &nbsp; &nbsp; El talento hidroc\u00e1lido vuelve a destacar en la escena internacional. La Federaci\u00f3n Mexicana de Patines sobre Ruedas A. C. dio a conocer la lista de seleccionados nacionales que participar\u00e1n en el Campeonato Panamericano de Patinaje de Velocidad de Naciones 2025, a celebrarse del 5 al 14 de julio en [&hellip;]<\/p>\n","protected":false},"author":1,"featured_media":72928,"comment_status":"closed","ping_status":"open","sticky":false,"template":"","format":"standard","meta":{"_monsterinsights_skip_tracking":false,"advanced_seo_description":"","jetpack_seo_html_title":"","jetpack_seo_noindex":false,"jetpack_seo_schema_type":"","_jetpack_newsletter_access":"","_jetpack_dont_email_post_to_subs":false,"_jetpack_newsletter_tier_id":0,"_jetpack_memberships_contains_paywalled_content":false,"_jetpack_feature_clip_id":0,"_jetpack_memberships_contains_paid_content":false,"footnotes":"","jetpack_publicize_message":"","jetpack_publicize_feature_enabled":true,"jetpack_social_post_already_shared":true,"jetpack_social_options":{"image_generator_settings":{"template":"highway","default_image_id":0,"font":"","enabled":false},"version":2},"jetpack_post_was_ever_published":false},"categories":[21,4],"tags":[22,615,113],"class_list":["post-72927","post","type-post","status-publish","format-standard","has-post-thumbnail","hentry","category-aguascalientes","category-gobierno-del-estado-aguascalientes","tag-aguascalientes","tag-gobierno-del-estado-de-aguascalientes","tag-idea"],"jetpack_publicize_connections":[],"jetpack_featured_media_url":"https:\/\/i0.wp.com\/informativoelvalledeaguascalientes.online\/wp-content\/uploads\/2025\/07\/3f38280e-81f0-47ad-835d-fd6e5426e9ea.jpeg?fit=1440%2C1440&ssl=1","jetpack-related-posts":[],"jetpack_sharing_enabled":true,"jetpack_likes_enabled":true,"_links":{"self":[{"href":"https:\/\/informativoelvalledeaguascalientes.online\/index.php?rest_route=\/wp\/v2\/posts\/72927","targetHints":{"allow":["GET"]}}],"collection":[{"href":"https:\/\/informativoelvalledeaguascalientes.online\/index.php?rest_route=\/wp\/v2\/posts"}],"about":[{"href":"https:\/\/informativoelvalledeaguascalientes.online\/index.php?rest_route=\/wp\/v2\/types\/post"}],"author":[{"embeddable":true,"href":"https:\/\/informativoelvalledeaguascalientes.online\/index.php?rest_route=\/wp\/v2\/users\/1"}],"replies":[{"embeddable":true,"href":"https:\/\/informativoelvalledeaguascalientes.online\/index.php?rest_route=%2Fwp%2Fv2%2Fcomments&post=72927"}],"version-history":[{"count":1,"href":"https:\/\/informativoelvalledeaguascalientes.online\/index.php?rest_route=\/wp\/v2\/posts\/72927\/revisions"}],"predecessor-version":[{"id":72929,"href":"https:\/\/informativoelvalledeaguascalientes.online\/index.php?rest_route=\/wp\/v2\/posts\/72927\/revisions\/72929"}],"wp:featuredmedia":[{"embeddable":true,"href":"https:\/\/informativoelvalledeaguascalientes.online\/index.php?rest_route=\/wp\/v2\/media\/72928"}],"wp:attachment":[{"href":"https:\/\/informativoelvalledeaguascalientes.online\/index.php?rest_route=%2Fwp%2Fv2%2Fmedia&parent=72927"}],"wp:term":[{"taxonomy":"category","embeddable":true,"href":"https:\/\/informativoelvalledeaguascalientes.online\/index.php?rest_route=%2Fwp%2Fv2%2Fcategories&post=72927"},{"taxonomy":"post_tag","embeddable":true,"href":"https:\/\/informativoelvalledeaguascalientes.online\/index.php?rest_route=%2Fwp%2Fv2%2Ftags&post=72927"}],"curies":[{"name":"wp","href":"https:\/\/api.w.org\/{rel}","templated":true}]}}