{"id":7289,"date":"2020-06-02T21:02:52","date_gmt":"2020-06-03T03:02:52","guid":{"rendered":"https:\/\/informativoelvalledeaguascalientes.online\/?p=7289"},"modified":"2020-06-02T21:02:52","modified_gmt":"2020-06-03T03:02:52","slug":"construye-la-seggob-una-agenda-estatal-en-materia-de-derechos-humanos","status":"publish","type":"post","link":"https:\/\/informativoelvalledeaguascalientes.online\/?p=7289","title":{"rendered":"CONSTRUYE LA SEGGOB UNA AGENDA ESTATAL EN MATERIA DE DERECHOS HUMANOS"},"content":{"rendered":"<ul>\n<li style=\"font-weight: 400;\"><strong><em>Trabajos preparatorios para la instalaci\u00f3n de la Comisi\u00f3n Estatal de B\u00fasqueda de Personas del Estado de Aguascalientes<\/em><\/strong><\/li>\n<li style=\"font-weight: 400;\"><strong><em>El objetivo es establecer las competencias y coordinaci\u00f3n entre autoridades de los distintos \u00f3rdenes de gobierno, en la b\u00fasqueda de personas desaparecidas<\/em><\/strong><\/li>\n<\/ul>\n<p style=\"font-weight: 400;\"><strong><em>\u00a0<\/em><\/strong><\/p>\n<p style=\"font-weight: 400;\">La secretaria General de Gobierno, Siomar Estrada Cruz, encabez\u00f3 una reuni\u00f3n para dar continuidad a los trabajos preparatorios para la instalaci\u00f3n de la\u00a0Comisi\u00f3n Estatal de B\u00fasqueda de Personas del Estado de Aguascalientes, a fin de atender todas las voces de la sociedad y trabajar conjuntamente con la Fiscal\u00eda General del Estado, como parte de una agenda estatal en materia de derechos humanos.<\/p>\n<p style=\"font-weight: 400;\">\n<p style=\"font-weight: 400;\">La responsable de la pol\u00edtica interna en el Estado, refiri\u00f3 que en este tema, es fundamental contemplar la Agenda 2030 para el Desarrollo Sostenible, toda vez que agrupa elementos clave de la cooperaci\u00f3n internacional para promover, respetar, proteger y garantizar los derechos humanos.<\/p>\n<p style=\"font-weight: 400;\">\n<p style=\"font-weight: 400;\">Agreg\u00f3 que el objetivo de la comisi\u00f3n es establecer la distribuci\u00f3n de competencias y la forma de coordinaci\u00f3n entre las autoridades de los distintos \u00f3rdenes de gobierno, para buscar a las personas desaparecidas y no localizadas, con miras a esclarecer los hechos, adem\u00e1s de prevenir, investigar, sancionar y erradicar los delitos en materia de desaparici\u00f3n forzada de personas y desaparici\u00f3n cometida por particulares, junto con los delitos vinculados que establece esta Ley.<\/p>\n<p style=\"font-weight: 400;\">\n<p style=\"font-weight: 400;\">Estrada Cruz explic\u00f3 que se involucrar\u00e1 a la sociedad civil organizada, a fin de dar legitimidad a los procesos de elecci\u00f3n de integrantes de dicha comisi\u00f3n, y tener los perfiles m\u00e1s id\u00f3neos, de manera que a la brevedad se dar\u00e1 a conocer las formas y medios para las mesas de trabajo con asociaciones civiles.<\/p>\n<p style=\"font-weight: 400;\">\n<p style=\"font-weight: 400;\">La Comisi\u00f3n Estatal de B\u00fasqueda de Personas es uno de los ejes de la agenda estatal de derechos humanos que impulsa la Secretar\u00eda General de Gobierno, para garantizar la protecci\u00f3n integral de los derechos de las personas desaparecidas hasta que se conozca su paradero, as\u00ed como la atenci\u00f3n, la asistencia, la protecci\u00f3n, y en su caso, la reparaci\u00f3n integral y las garant\u00edas de no repetici\u00f3n.<\/p>\n<p style=\"font-weight: 400;\">\n","protected":false},"excerpt":{"rendered":"<p>Trabajos preparatorios para la instalaci\u00f3n de la Comisi\u00f3n Estatal de B\u00fasqueda de Personas del Estado de Aguascalientes El objetivo es establecer las competencias y coordinaci\u00f3n entre autoridades de los distintos \u00f3rdenes de gobierno, en la b\u00fasqueda de personas desaparecidas \u00a0 La secretaria General de Gobierno, Siomar Estrada Cruz, encabez\u00f3 una reuni\u00f3n para dar continuidad a [&hellip;]<\/p>\n","protected":false},"author":1,"featured_media":7290,"comment_status":"closed","ping_status":"open","sticky":false,"template":"","format":"standard","meta":{"advanced_seo_description":"","jetpack_seo_html_title":"","jetpack_seo_noindex":false,"_jetpack_memberships_contains_paid_content":false,"footnotes":"","jetpack_publicize_message":"","jetpack_publicize_feature_enabled":true,"jetpack_social_post_already_shared":true,"jetpack_social_options":{"image_generator_settings":{"template":"highway","default_image_id":0,"font":"","enabled":false},"version":2}},"categories":[21,4],"tags":[22,51],"class_list":["post-7289","post","type-post","status-publish","format-standard","has-post-thumbnail","hentry","category-aguascalientes","category-gobierno-del-estado-aguascalientes","tag-aguascalientes","tag-seggob"],"jetpack_publicize_connections":[],"jetpack_featured_media_url":"https:\/\/i0.wp.com\/informativoelvalledeaguascalientes.online\/wp-content\/uploads\/2020\/06\/seggob_02062020.jpg?fit=1024%2C576&ssl=1","jetpack-related-posts":[],"jetpack_sharing_enabled":true,"jetpack_likes_enabled":true,"_links":{"self":[{"href":"https:\/\/informativoelvalledeaguascalientes.online\/index.php?rest_route=\/wp\/v2\/posts\/7289","targetHints":{"allow":["GET"]}}],"collection":[{"href":"https:\/\/informativoelvalledeaguascalientes.online\/index.php?rest_route=\/wp\/v2\/posts"}],"about":[{"href":"https:\/\/informativoelvalledeaguascalientes.online\/index.php?rest_route=\/wp\/v2\/types\/post"}],"author":[{"embeddable":true,"href":"https:\/\/informativoelvalledeaguascalientes.online\/index.php?rest_route=\/wp\/v2\/users\/1"}],"replies":[{"embeddable":true,"href":"https:\/\/informativoelvalledeaguascalientes.online\/index.php?rest_route=%2Fwp%2Fv2%2Fcomments&post=7289"}],"version-history":[{"count":1,"href":"https:\/\/informativoelvalledeaguascalientes.online\/index.php?rest_route=\/wp\/v2\/posts\/7289\/revisions"}],"predecessor-version":[{"id":7291,"href":"https:\/\/informativoelvalledeaguascalientes.online\/index.php?rest_route=\/wp\/v2\/posts\/7289\/revisions\/7291"}],"wp:featuredmedia":[{"embeddable":true,"href":"https:\/\/informativoelvalledeaguascalientes.online\/index.php?rest_route=\/wp\/v2\/media\/7290"}],"wp:attachment":[{"href":"https:\/\/informativoelvalledeaguascalientes.online\/index.php?rest_route=%2Fwp%2Fv2%2Fmedia&parent=7289"}],"wp:term":[{"taxonomy":"category","embeddable":true,"href":"https:\/\/informativoelvalledeaguascalientes.online\/index.php?rest_route=%2Fwp%2Fv2%2Fcategories&post=7289"},{"taxonomy":"post_tag","embeddable":true,"href":"https:\/\/informativoelvalledeaguascalientes.online\/index.php?rest_route=%2Fwp%2Fv2%2Ftags&post=7289"}],"curies":[{"name":"wp","href":"https:\/\/api.w.org\/{rel}","templated":true}]}}