{"id":72781,"date":"2025-06-28T16:54:09","date_gmt":"2025-06-28T22:54:09","guid":{"rendered":"https:\/\/informativoelvalledeaguascalientes.online\/?p=72781"},"modified":"2025-06-30T16:55:20","modified_gmt":"2025-06-30T22:55:20","slug":"%f0%9d%90%92%f0%9d%90%9e%f0%9d%90%ac%f0%9d%90%a2%f0%9d%90%a8%f0%9d%90%a7-%f0%9d%90%8e%f0%9d%90%ab%f0%9d%90%9d%f0%9d%90%a2%f0%9d%90%a7%f0%9d%90%9a%f0%9d%90%ab%f0%9d%90%a2%f0%9d%90%9a-%f0%9d%90%9d","status":"publish","type":"post","link":"https:\/\/informativoelvalledeaguascalientes.online\/?p=72781","title":{"rendered":"\ud835\udc12\ud835\udc1e\ud835\udc2c\ud835\udc22\ud835\udc28\u0301\ud835\udc27 \ud835\udc0e\ud835\udc2b\ud835\udc1d\ud835\udc22\ud835\udc27\ud835\udc1a\ud835\udc2b\ud835\udc22\ud835\udc1a \ud835\udc1d\ud835\udc1e\ud835\udc25 \ud835\udc02\ud835\udc28\ud835\udc27\ud835\udc2c\ud835\udc1e\ud835\udc23\ud835\udc28 \ud835\udc1d\ud835\udc1e\ud835\udc25 \ud835\udc12\ud835\udc22\ud835\udc2c\ud835\udc2d\ud835\udc1e\ud835\udc26\ud835\udc1a \ud835\udc1d\ud835\udc1e \ud835\udc0f\ud835\udc2b\ud835\udc28\ud835\udc2d\ud835\udc1e\ud835\udc1c\ud835\udc1c\ud835\udc22\ud835\udc28\u0301\ud835\udc27 \ud835\udc08\ud835\udc27\ud835\udc2d\ud835\udc1e\ud835\udc20\ud835\udc2b\ud835\udc1a\ud835\udc25 \ud835\udc1d\ud835\udc1e \ud835\udc0d\ud835\udc22\ud835\udc27\u0303\ud835\udc1a\ud835\udc2c, \ud835\udc0d\ud835\udc22\ud835\udc27\u0303\ud835\udc28\ud835\udc2c \ud835\udc32 \ud835\udc00\ud835\udc1d\ud835\udc28\ud835\udc25\ud835\udc1e\ud835\udc2c\ud835\udc1c\ud835\udc1e\ud835\udc27\ud835\udc2d\ud835\udc1e\ud835\udc2c (\ud835\udc12\ud835\udc08\ud835\udc0f\ud835\udc08\ud835\udc0d\ud835\udc0d\ud835\udc00) \ud835\udc1e\ud835\udc27 \ud835\udc02\ud835\udc1a\ud835\udc25\ud835\udc2f\ud835\udc22\ud835\udc25\ud835\udc25\ud835\udc28"},"content":{"rendered":"<p class=\"p1\">#informativoelvalledeaguascalientes<span class=\"Apple-converted-space\">\u00a0 <\/span>#novaradioaguascalientes #informativoelvalledeaguascalientesll #Aguascalientes<\/p>\n<p>&nbsp;<\/p>\n<p>&nbsp;<\/p>\n<p>El Gobierno de Calvillo llev\u00f3 a cabo la sesi\u00f3n ordinaria del Consejo del Sistema de Protecci\u00f3n Integral de Ni\u00f1as, Ni\u00f1os y Adolescentes (SIPINNA), un espacio clave para trabajar en favor de la infancia y adolescencia de nuestro municipio.<\/p>\n<p>El presidente municipal, Daniel Romo Urrutia, reafirm\u00f3 el compromiso de la administraci\u00f3n municipal para construir y fortalecer estrategias que garanticen los derechos fundamentales y promuevan el desarrollo integral de las ni\u00f1as, ni\u00f1os y adolescentes de Calvillo.<\/p>\n<p>Blanca Rivera R\u00edo Flores, secretaria ejecutiva del SIPINNA Aguascalientes, refiri\u00f3 que, estas acciones forman parte de un esfuerzo colectivo para crear un entorno en el que las nuevas generaciones puedan crecer en condiciones sanas y seguras.<\/p>\n<p>#LegadoParaMiGente<\/p>\n","protected":false},"excerpt":{"rendered":"<p>#informativoelvalledeaguascalientes\u00a0 #novaradioaguascalientes #informativoelvalledeaguascalientesll #Aguascalientes &nbsp; &nbsp; El Gobierno de Calvillo llev\u00f3 a cabo la sesi\u00f3n ordinaria del Consejo del Sistema de Protecci\u00f3n Integral de Ni\u00f1as, Ni\u00f1os y Adolescentes (SIPINNA), un espacio clave para trabajar en favor de la infancia y adolescencia de nuestro municipio. El presidente municipal, Daniel Romo Urrutia, reafirm\u00f3 el compromiso de la [&hellip;]<\/p>\n","protected":false},"author":1,"featured_media":72782,"comment_status":"closed","ping_status":"open","sticky":false,"template":"","format":"standard","meta":{"advanced_seo_description":"","jetpack_seo_html_title":"","jetpack_seo_noindex":false,"_jetpack_memberships_contains_paid_content":false,"footnotes":"","jetpack_publicize_message":"","jetpack_publicize_feature_enabled":true,"jetpack_social_post_already_shared":true,"jetpack_social_options":{"image_generator_settings":{"template":"highway","default_image_id":0,"font":"","enabled":false},"version":2}},"categories":[21,13],"tags":[22,88,29,658],"class_list":["post-72781","post","type-post","status-publish","format-standard","has-post-thumbnail","hentry","category-aguascalientes","category-calvillo-aguascalientes","tag-aguascalientes","tag-calvillo","tag-calvillo-aguascalientes","tag-sipinna-aguascalientes"],"jetpack_publicize_connections":[],"jetpack_featured_media_url":"https:\/\/i0.wp.com\/informativoelvalledeaguascalientes.online\/wp-content\/uploads\/2025\/06\/calvillo-sipinna.jpeg?fit=1500%2C1001&ssl=1","jetpack-related-posts":[],"jetpack_sharing_enabled":true,"jetpack_likes_enabled":true,"_links":{"self":[{"href":"https:\/\/informativoelvalledeaguascalientes.online\/index.php?rest_route=\/wp\/v2\/posts\/72781","targetHints":{"allow":["GET"]}}],"collection":[{"href":"https:\/\/informativoelvalledeaguascalientes.online\/index.php?rest_route=\/wp\/v2\/posts"}],"about":[{"href":"https:\/\/informativoelvalledeaguascalientes.online\/index.php?rest_route=\/wp\/v2\/types\/post"}],"author":[{"embeddable":true,"href":"https:\/\/informativoelvalledeaguascalientes.online\/index.php?rest_route=\/wp\/v2\/users\/1"}],"replies":[{"embeddable":true,"href":"https:\/\/informativoelvalledeaguascalientes.online\/index.php?rest_route=%2Fwp%2Fv2%2Fcomments&post=72781"}],"version-history":[{"count":1,"href":"https:\/\/informativoelvalledeaguascalientes.online\/index.php?rest_route=\/wp\/v2\/posts\/72781\/revisions"}],"predecessor-version":[{"id":72783,"href":"https:\/\/informativoelvalledeaguascalientes.online\/index.php?rest_route=\/wp\/v2\/posts\/72781\/revisions\/72783"}],"wp:featuredmedia":[{"embeddable":true,"href":"https:\/\/informativoelvalledeaguascalientes.online\/index.php?rest_route=\/wp\/v2\/media\/72782"}],"wp:attachment":[{"href":"https:\/\/informativoelvalledeaguascalientes.online\/index.php?rest_route=%2Fwp%2Fv2%2Fmedia&parent=72781"}],"wp:term":[{"taxonomy":"category","embeddable":true,"href":"https:\/\/informativoelvalledeaguascalientes.online\/index.php?rest_route=%2Fwp%2Fv2%2Fcategories&post=72781"},{"taxonomy":"post_tag","embeddable":true,"href":"https:\/\/informativoelvalledeaguascalientes.online\/index.php?rest_route=%2Fwp%2Fv2%2Ftags&post=72781"}],"curies":[{"name":"wp","href":"https:\/\/api.w.org\/{rel}","templated":true}]}}