{"id":7277,"date":"2020-06-02T16:43:39","date_gmt":"2020-06-02T22:43:39","guid":{"rendered":"https:\/\/informativoelvalledeaguascalientes.online\/?p=7277"},"modified":"2020-06-02T16:44:58","modified_gmt":"2020-06-02T22:44:58","slug":"cmov-y-guardia-sanitaria-supervisan-adecuaciones-y-lineamientos-al-transporte-publico-ante-la-nueva-normalidad","status":"publish","type":"post","link":"https:\/\/informativoelvalledeaguascalientes.online\/?p=7277","title":{"rendered":"CMOV Y GUARDIA SANITARIA SUPERVISAN ADECUACIONES Y LINEAMIENTOS AL TRANSPORTE P\u00daBLICO ANTE LA NUEVA NORMALIDAD"},"content":{"rendered":"<ul>\n<li dir=\"ltr\">\n<p dir=\"ltr\">Con la reactivaci\u00f3n econ\u00f3mica paulatina en el estado, se detect\u00f3 un incremento en la demanda de transporte p\u00fablico de casi un 15%: CMOV<\/p>\n<\/li>\n<li dir=\"ltr\">\n<p dir=\"ltr\">Al d\u00eda se logra revisar hasta 50 combis, 120 autobuses de transporte p\u00fablico y 220 taxis: Guardia Sanitaria<\/p>\n<\/li>\n<\/ul>\n<p dir=\"ltr\">Tras la contingencia sanitaria, la naturaleza de la movilidad en el transporte p\u00fablico en Aguascalientes ha cambiado, por ello, este servicio se est\u00e1 adaptando a las nuevas realidades para ofrecer a la poblaci\u00f3n y usuarios, formas y medidas m\u00e1s adecuadas que garanticen espacios saneados y libres de cualquier riesgo de contagio por coronavirus.<\/p>\n<p dir=\"ltr\">As\u00ed lo estableci\u00f3 Gustavo Guti\u00e9rrez de la Torre, titular de la Coordinaci\u00f3n general de Movilidad (CMOV), quien revel\u00f3 que con la pandemia se redujo la demanda del transporte p\u00fablico en sus distintas modalidades de 270 a 150 mil pasajeros promedio d\u00eda por a\u00f1o, aunado a que la propia naturaleza de movilidad se modific\u00f3 con un 60% por cuestiones laborales, 12% compras, 10% pago de servicios, 8% en salud, 8% ocio, as\u00ed como un 2% cuestiones relacionadas a educaci\u00f3n.<\/p>\n<p dir=\"ltr\">En este tema, precis\u00f3 que de acuerdo a \u00faltimas estimaciones de la CMOV, se observ\u00f3 un incremento en la demanda a partir de este primero de junio en el transporte p\u00fablico de casi un 15 por ciento, por lo que aunado a estas transformaciones en la movilidad y la reactivaci\u00f3n econ\u00f3mica paulatina en la entidad, esta dependencia gubernamental ha emprendido acciones con la Guardia Sanitaria para realizar los ajustes pertinentes para que las unidades de transporte p\u00fablico cuenten con las medidas sanitarias respectivas emitidas por la Secretar\u00eda de Salud.<\/p>\n<p dir=\"ltr\">Guti\u00e9rrez de la Torre profundiz\u00f3 que en materia de taxis y servicios de transporte en plataformas virtuales, se han verificado el cumplimiento de las medidas preventivas, como el acondicionamiento de los veh\u00edculos para separaci\u00f3n del chofer con el pasajero a trav\u00e9s de un pl\u00e1stico, la portaci\u00f3n obligatoria de cubrebocas, uso de gel antibacterial, evitar consumo de alimentos y bebidas, as\u00ed como no realizar viajes compartidos.<\/p>\n<p dir=\"ltr\">Detall\u00f3 adem\u00e1s que junto con la GS se han supervisado los lineamientos sanitarios en transporte de personal que corresponde a empresas del sector textil, automotriz y de manufactura, a fin de garantizar espacios saneados y libres de cualquier riesgo de contagio.<\/p>\n<p dir=\"ltr\">El titular de la CMOV concluy\u00f3 exhortando a usuarios del transporte p\u00fablico en cualquiera de sus modalidades a que, en este proceso de nueva normalidad, acaten todas las medidas preventivas al hacer uso de este servicio, como lo es el uso obligatorio del cubrebocas, contar con pasaje exacto, as\u00ed como respetar los lineamientos establecidos por el ISSEA.<\/p>\n<p dir=\"ltr\">Por su parte, el director de Servicios de Salud del ISSEA, Yosef Guirao Vega, inform\u00f3 que la Guardia Sanitaria ha trabajado de la mano con la CMOV desde el 27 de abril para implementar rondines y as\u00ed supervisar los protocolos en todas las modalidades de transporte p\u00fablico.<\/p>\n<p dir=\"ltr\">Destac\u00f3 que la Guardia Sanitaria est\u00e1 integrada hasta el d\u00eda de hoy por 180 supervisores que son personal del sector salud estatal. En el tema de movilidad, detall\u00f3 que al d\u00eda se logra revisar hasta 50 combis, 120 autobuses de transporte p\u00fablico y 220 taxis.<\/p>\n<p dir=\"ltr\">Guirao Vega agradeci\u00f3 a los propietarios de las unidades, as\u00ed como a las y los operadores, porque se han comprometido totalmente para contar con espacios higi\u00e9nicos, bit\u00e1coras de sanitizaci\u00f3n, gel antibacterial y soluciones para limpiar, por mencionar algunos; de esta forma, est\u00e1n ofreciendo un servicio seguro y contribuyendo a evitar m\u00e1s contagios por COVID-19.<\/p>\n<p dir=\"ltr\">Coment\u00f3 que desafortunadamente tambi\u00e9n se han emitido apercibimientos y sanciones. Expuso que de 100 unidades que se revisan en un d\u00eda al 45% se le apercibe y de \u00e9ste porcentaje, el 85% de las sanciones es debido a incumplimientos de los propios usuarios.<\/p>\n<p dir=\"ltr\">Finalmente, hizo un llamado a las personas que hacen uso de los distintos tipos de transporte p\u00fablico a tener mayor consciencia y sensibilidad, as\u00ed como a tomar las acciones preventivas ante la pandemia.<\/p>\n","protected":false},"excerpt":{"rendered":"<p>Con la reactivaci\u00f3n econ\u00f3mica paulatina en el estado, se detect\u00f3 un incremento en la demanda de transporte p\u00fablico de casi un 15%: CMOV Al d\u00eda se logra revisar hasta 50 combis, 120 autobuses de transporte p\u00fablico y 220 taxis: Guardia Sanitaria Tras la contingencia sanitaria, la naturaleza de la movilidad en el transporte p\u00fablico en [&hellip;]<\/p>\n","protected":false},"author":1,"featured_media":7279,"comment_status":"closed","ping_status":"open","sticky":false,"template":"","format":"standard","meta":{"advanced_seo_description":"","jetpack_seo_html_title":"","jetpack_seo_noindex":false,"_jetpack_memberships_contains_paid_content":false,"footnotes":"","jetpack_publicize_message":"","jetpack_publicize_feature_enabled":true,"jetpack_social_post_already_shared":true,"jetpack_social_options":{"image_generator_settings":{"template":"highway","default_image_id":0,"font":"","enabled":false},"version":2}},"categories":[21,4],"tags":[22,53],"class_list":["post-7277","post","type-post","status-publish","format-standard","has-post-thumbnail","hentry","category-aguascalientes","category-gobierno-del-estado-aguascalientes","tag-aguascalientes","tag-cmov"],"jetpack_publicize_connections":[],"jetpack_featured_media_url":"https:\/\/i0.wp.com\/informativoelvalledeaguascalientes.online\/wp-content\/uploads\/2020\/06\/cmov_02062020.jpg?fit=863%2C576&ssl=1","jetpack-related-posts":[],"jetpack_sharing_enabled":true,"jetpack_likes_enabled":true,"_links":{"self":[{"href":"https:\/\/informativoelvalledeaguascalientes.online\/index.php?rest_route=\/wp\/v2\/posts\/7277","targetHints":{"allow":["GET"]}}],"collection":[{"href":"https:\/\/informativoelvalledeaguascalientes.online\/index.php?rest_route=\/wp\/v2\/posts"}],"about":[{"href":"https:\/\/informativoelvalledeaguascalientes.online\/index.php?rest_route=\/wp\/v2\/types\/post"}],"author":[{"embeddable":true,"href":"https:\/\/informativoelvalledeaguascalientes.online\/index.php?rest_route=\/wp\/v2\/users\/1"}],"replies":[{"embeddable":true,"href":"https:\/\/informativoelvalledeaguascalientes.online\/index.php?rest_route=%2Fwp%2Fv2%2Fcomments&post=7277"}],"version-history":[{"count":1,"href":"https:\/\/informativoelvalledeaguascalientes.online\/index.php?rest_route=\/wp\/v2\/posts\/7277\/revisions"}],"predecessor-version":[{"id":7278,"href":"https:\/\/informativoelvalledeaguascalientes.online\/index.php?rest_route=\/wp\/v2\/posts\/7277\/revisions\/7278"}],"wp:featuredmedia":[{"embeddable":true,"href":"https:\/\/informativoelvalledeaguascalientes.online\/index.php?rest_route=\/wp\/v2\/media\/7279"}],"wp:attachment":[{"href":"https:\/\/informativoelvalledeaguascalientes.online\/index.php?rest_route=%2Fwp%2Fv2%2Fmedia&parent=7277"}],"wp:term":[{"taxonomy":"category","embeddable":true,"href":"https:\/\/informativoelvalledeaguascalientes.online\/index.php?rest_route=%2Fwp%2Fv2%2Fcategories&post=7277"},{"taxonomy":"post_tag","embeddable":true,"href":"https:\/\/informativoelvalledeaguascalientes.online\/index.php?rest_route=%2Fwp%2Fv2%2Ftags&post=7277"}],"curies":[{"name":"wp","href":"https:\/\/api.w.org\/{rel}","templated":true}]}}