{"id":7274,"date":"2020-06-02T16:35:59","date_gmt":"2020-06-02T22:35:59","guid":{"rendered":"https:\/\/informativoelvalledeaguascalientes.online\/?p=7274"},"modified":"2020-06-02T16:35:59","modified_gmt":"2020-06-02T22:35:59","slug":"gobierno-e-industria-se-enfrentan-juntos-nuevos-retos-mos","status":"publish","type":"post","link":"https:\/\/informativoelvalledeaguascalientes.online\/?p=7274","title":{"rendered":"GOBIERNO E INDUSTRIA SE ENFRENTAN JUNTOS NUEVOS RETOS: MOS"},"content":{"rendered":"<ul>\n<li dir=\"ltr\">\n<p dir=\"ltr\">Mart\u00edn Orozco Sandoval supervis\u00f3 que los protocolos que se siguen en Jatco sean adecuados<\/p>\n<\/li>\n<li dir=\"ltr\">\n<p dir=\"ltr\">Recibe MOS la donaci\u00f3n de 2 mil caretas de seguridad, 546 litros de gel antibacterial y 40 mil cubrebocas<\/p>\n<\/li>\n<li dir=\"ltr\">\n<p dir=\"ltr\">Jatco Aguascalientes emplea\u00a0 4 mil 200 aguascalentenses, su director agradece el liderazgo del gobierno para permitir que vuelvan a sus labores seguros<\/p>\n<\/li>\n<\/ul>\n<p dir=\"ltr\">El gobernador Mart\u00edn Orozco Sandoval coloc\u00f3 la insignia de industria segura a la planta Jatco Aguascalientes, tras una visita de supervisi\u00f3n de protocolos tras la reapertura de sus plantas, las cuales est\u00e1n trabajando como primera etapa al 50 por ciento de su capacidad.<\/p>\n<p dir=\"ltr\">El mandatario agradeci\u00f3 a las autoridades de la empresa, se\u00f1alando que el respaldo por parte de su gobierno ser\u00e1 permanente para los nuevos retos a los que nos enfrentamos.<\/p>\n<p dir=\"ltr\">Destac\u00f3 que el sector salud de Aguascalientes ha demostrado su capacidad durante esta pandemia, y que desde el gobierno estatal se han implementado estrategias acordes a las prioridades de la sociedad; su salud y su econom\u00eda. Adem\u00e1s que se han hecho todas las gestiones con el gobierno federal y el sector privado para que la reactivaci\u00f3n econ\u00f3mica sea productiva y segura.<\/p>\n<p dir=\"ltr\">Durante su visita, Orozco Sandoval recibi\u00f3 por parte de los directivos y personal de Jatco la donaci\u00f3n de 2 mil caretas de seguridad, 546 litros de gel antibacterial y 40 mil cubrebocas, insumos que fortalecer\u00e1n el equipamiento del personal m\u00e9dico del sector salud estatal.<\/p>\n<p dir=\"ltr\">Por su parte, el director de Jatco M\u00e9xico en Aguascalientes, Tomoaki Inoue, mostr\u00f3 sensibilidad ante la situaci\u00f3n que se vive a nivel global, remarcando que la empresa ha seguido todas las indicaciones dentro y fuera de las plantas, para garantizar la salud y la seguridad de los 4 mil 200 aguascalentenses que colaboran en Jatco.<\/p>\n<p dir=\"ltr\">Adem\u00e1s, puntualiz\u00f3 la confianza que se tiene en el gobierno estatal, pues ha demostrado que se toman decisiones con bases s\u00f3lidas, guiando positivamente el rumbo de vuelta a la nueva normalidad.<\/p>\n<p dir=\"ltr\">Durante el recorrido de supervisi\u00f3n estuvieron presentes la Guardia Sanitaria con su representante Octavio Jim\u00e9nez; el titular del Instituto de Servicios de la Salud, Miguel \u00c1ngel Piza Jim\u00e9nez; y el secretario de Desarrollo Econ\u00f3mico, Manuel Alejandro Gonz\u00e1lez Mart\u00ednez.<\/p>\n","protected":false},"excerpt":{"rendered":"<p>Mart\u00edn Orozco Sandoval supervis\u00f3 que los protocolos que se siguen en Jatco sean adecuados Recibe MOS la donaci\u00f3n de 2 mil caretas de seguridad, 546 litros de gel antibacterial y 40 mil cubrebocas Jatco Aguascalientes emplea\u00a0 4 mil 200 aguascalentenses, su director agradece el liderazgo del gobierno para permitir que vuelvan a sus labores seguros [&hellip;]<\/p>\n","protected":false},"author":1,"featured_media":7275,"comment_status":"closed","ping_status":"open","sticky":false,"template":"","format":"standard","meta":{"advanced_seo_description":"","jetpack_seo_html_title":"","jetpack_seo_noindex":false,"_jetpack_memberships_contains_paid_content":false,"footnotes":"","jetpack_publicize_message":"","jetpack_publicize_feature_enabled":true,"jetpack_social_post_already_shared":true,"jetpack_social_options":{"image_generator_settings":{"template":"highway","default_image_id":0,"font":"","enabled":false},"version":2}},"categories":[21,4],"tags":[22,31],"class_list":["post-7274","post","type-post","status-publish","format-standard","has-post-thumbnail","hentry","category-aguascalientes","category-gobierno-del-estado-aguascalientes","tag-aguascalientes","tag-mos"],"jetpack_publicize_connections":[],"jetpack_featured_media_url":"https:\/\/i0.wp.com\/informativoelvalledeaguascalientes.online\/wp-content\/uploads\/2020\/06\/mos_02062020.jpg?fit=1110%2C740&ssl=1","jetpack-related-posts":[],"jetpack_sharing_enabled":true,"jetpack_likes_enabled":true,"_links":{"self":[{"href":"https:\/\/informativoelvalledeaguascalientes.online\/index.php?rest_route=\/wp\/v2\/posts\/7274","targetHints":{"allow":["GET"]}}],"collection":[{"href":"https:\/\/informativoelvalledeaguascalientes.online\/index.php?rest_route=\/wp\/v2\/posts"}],"about":[{"href":"https:\/\/informativoelvalledeaguascalientes.online\/index.php?rest_route=\/wp\/v2\/types\/post"}],"author":[{"embeddable":true,"href":"https:\/\/informativoelvalledeaguascalientes.online\/index.php?rest_route=\/wp\/v2\/users\/1"}],"replies":[{"embeddable":true,"href":"https:\/\/informativoelvalledeaguascalientes.online\/index.php?rest_route=%2Fwp%2Fv2%2Fcomments&post=7274"}],"version-history":[{"count":1,"href":"https:\/\/informativoelvalledeaguascalientes.online\/index.php?rest_route=\/wp\/v2\/posts\/7274\/revisions"}],"predecessor-version":[{"id":7276,"href":"https:\/\/informativoelvalledeaguascalientes.online\/index.php?rest_route=\/wp\/v2\/posts\/7274\/revisions\/7276"}],"wp:featuredmedia":[{"embeddable":true,"href":"https:\/\/informativoelvalledeaguascalientes.online\/index.php?rest_route=\/wp\/v2\/media\/7275"}],"wp:attachment":[{"href":"https:\/\/informativoelvalledeaguascalientes.online\/index.php?rest_route=%2Fwp%2Fv2%2Fmedia&parent=7274"}],"wp:term":[{"taxonomy":"category","embeddable":true,"href":"https:\/\/informativoelvalledeaguascalientes.online\/index.php?rest_route=%2Fwp%2Fv2%2Fcategories&post=7274"},{"taxonomy":"post_tag","embeddable":true,"href":"https:\/\/informativoelvalledeaguascalientes.online\/index.php?rest_route=%2Fwp%2Fv2%2Ftags&post=7274"}],"curies":[{"name":"wp","href":"https:\/\/api.w.org\/{rel}","templated":true}]}}