{"id":72706,"date":"2025-06-26T22:45:09","date_gmt":"2025-06-27T04:45:09","guid":{"rendered":"https:\/\/informativoelvalledeaguascalientes.online\/?p=72706"},"modified":"2025-06-26T22:45:09","modified_gmt":"2025-06-27T04:45:09","slug":"esperanza-en-el-campo-de-aguascalientes-junio-registra-46-por-ciento-mas-lluvia-de-lo-habitual","status":"publish","type":"post","link":"https:\/\/informativoelvalledeaguascalientes.online\/?p=72706","title":{"rendered":"ESPERANZA EN EL CAMPO DE AGUASCALIENTES: JUNIO REGISTRA 46 POR CIENTO M\u00c1S LLUVIA DE LO HABITUAL"},"content":{"rendered":"<p class=\"p1\">#informativoelvalledeaguascalientes<span class=\"Apple-converted-space\">\u00a0 <\/span>#novaradioaguascalientes #informativoelvalledeaguascalientesll #Aguascalientes<\/p>\n<p>&nbsp;<\/p>\n<p>&nbsp;<\/p>\n<p>* Tan solo en lo que va de junio se han registrado 121 mil\u00edmetros de lluvia, superando la precipitaci\u00f3n hist\u00f3rica para este mes, que es de 83 mil\u00edmetros<br \/>\n* En la superficie de temporal se cultiva ma\u00edz, avena, frijol, maguey y nopal<br \/>\n* El gobierno de Tere Jim\u00e9nez contin\u00faa apoyando a las y los agricultores con 20 programas para impulsar sus producciones<\/p>\n<p>&nbsp;<\/p>\n<p>\u00a1Buenas noticias para el campo de Aguascalientes! Las lluvias registradas en lo que va de junio han superado el promedio hist\u00f3rico para este mes, que es de 83 mil\u00edmetros. A la fecha, se han acumulado 121 mil\u00edmetros, lo que representa un incremento del 46 por ciento, de acuerdo con datos de la Comisi\u00f3n Nacional del Agua (Conagua) y la Red Nacional de Estaciones Agroclimatol\u00f3gicas.<\/p>\n<p>Isidoro Armend\u00e1riz, titular de la Secretar\u00eda de Desarrollo Rural y Agroempresarial (Sedrae), se\u00f1al\u00f3 que este panorama ha generado optimismo entre quienes trabajan las m\u00e1s de 70 mil hect\u00e1reas de temporal en el estado, donde se cultivan productos como ma\u00edz grano, ma\u00edz forrajero, avena, frijol, maguey y nopal.<\/p>\n<p>\u201cLas y los productores de temporal son personas de fe que, como sus padres y abuelos, conf\u00edan en el buen temporal para trabajar la tierra. Son los m\u00e1s felices con la llegada de las lluvias y valoran cada gota que cae del cielo\u201d, expres\u00f3 el titular de la Sedrae.<\/p>\n<p>Detall\u00f3 que los municipios con mayor precipitaci\u00f3n en las \u00faltimas semanas han sido San Jos\u00e9 de Gracia, con 157 mil\u00edmetros; El Llano, con 140; Jes\u00fas Mar\u00eda y Rinc\u00f3n de Romos, con 119, y Calvillo, con 113 mil\u00edmetros acumulados.<\/p>\n<p>\u201cLa gobernadora Tere Jim\u00e9nez quiere que, adem\u00e1s del buen temporal, las y los agricultores cuenten con el respaldo necesario para seguir produciendo. Por eso, el Gobierno del Estado, a trav\u00e9s de la Sedrae, pone a su disposici\u00f3n 20 programas que atienden sus diversas necesidades\u201d, agreg\u00f3.<\/p>\n<p>Finalmente, invit\u00f3 a las y los interesados a consultar las convocatorias vigentes en el sitio oficial: https:\/\/www.aguascalientes.gob.mx\/sedrae\/ o comunicarse al tel. 449 910 25 95, de lunes a viernes, en un horario de 8:00 a. m. a 3:00 p. m.<\/p>\n","protected":false},"excerpt":{"rendered":"<p>#informativoelvalledeaguascalientes\u00a0 #novaradioaguascalientes #informativoelvalledeaguascalientesll #Aguascalientes &nbsp; &nbsp; * Tan solo en lo que va de junio se han registrado 121 mil\u00edmetros de lluvia, superando la precipitaci\u00f3n hist\u00f3rica para este mes, que es de 83 mil\u00edmetros * En la superficie de temporal se cultiva ma\u00edz, avena, frijol, maguey y nopal * El gobierno de Tere Jim\u00e9nez contin\u00faa [&hellip;]<\/p>\n","protected":false},"author":1,"featured_media":72707,"comment_status":"closed","ping_status":"open","sticky":false,"template":"","format":"standard","meta":{"advanced_seo_description":"","jetpack_seo_html_title":"","jetpack_seo_noindex":false,"_jetpack_memberships_contains_paid_content":false,"footnotes":"","jetpack_publicize_message":"","jetpack_publicize_feature_enabled":true,"jetpack_social_post_already_shared":true,"jetpack_social_options":{"image_generator_settings":{"template":"highway","default_image_id":0,"font":"","enabled":false},"version":2}},"categories":[21,4],"tags":[22,615,106],"class_list":["post-72706","post","type-post","status-publish","format-standard","has-post-thumbnail","hentry","category-aguascalientes","category-gobierno-del-estado-aguascalientes","tag-aguascalientes","tag-gobierno-del-estado-de-aguascalientes","tag-sedrae"],"jetpack_publicize_connections":[],"jetpack_featured_media_url":"https:\/\/i0.wp.com\/informativoelvalledeaguascalientes.online\/wp-content\/uploads\/2025\/06\/abb8dcb9-3e13-4425-a4ee-99189a9460e6.jpeg?fit=1600%2C1066&ssl=1","jetpack-related-posts":[],"jetpack_sharing_enabled":true,"jetpack_likes_enabled":true,"_links":{"self":[{"href":"https:\/\/informativoelvalledeaguascalientes.online\/index.php?rest_route=\/wp\/v2\/posts\/72706","targetHints":{"allow":["GET"]}}],"collection":[{"href":"https:\/\/informativoelvalledeaguascalientes.online\/index.php?rest_route=\/wp\/v2\/posts"}],"about":[{"href":"https:\/\/informativoelvalledeaguascalientes.online\/index.php?rest_route=\/wp\/v2\/types\/post"}],"author":[{"embeddable":true,"href":"https:\/\/informativoelvalledeaguascalientes.online\/index.php?rest_route=\/wp\/v2\/users\/1"}],"replies":[{"embeddable":true,"href":"https:\/\/informativoelvalledeaguascalientes.online\/index.php?rest_route=%2Fwp%2Fv2%2Fcomments&post=72706"}],"version-history":[{"count":1,"href":"https:\/\/informativoelvalledeaguascalientes.online\/index.php?rest_route=\/wp\/v2\/posts\/72706\/revisions"}],"predecessor-version":[{"id":72708,"href":"https:\/\/informativoelvalledeaguascalientes.online\/index.php?rest_route=\/wp\/v2\/posts\/72706\/revisions\/72708"}],"wp:featuredmedia":[{"embeddable":true,"href":"https:\/\/informativoelvalledeaguascalientes.online\/index.php?rest_route=\/wp\/v2\/media\/72707"}],"wp:attachment":[{"href":"https:\/\/informativoelvalledeaguascalientes.online\/index.php?rest_route=%2Fwp%2Fv2%2Fmedia&parent=72706"}],"wp:term":[{"taxonomy":"category","embeddable":true,"href":"https:\/\/informativoelvalledeaguascalientes.online\/index.php?rest_route=%2Fwp%2Fv2%2Fcategories&post=72706"},{"taxonomy":"post_tag","embeddable":true,"href":"https:\/\/informativoelvalledeaguascalientes.online\/index.php?rest_route=%2Fwp%2Fv2%2Ftags&post=72706"}],"curies":[{"name":"wp","href":"https:\/\/api.w.org\/{rel}","templated":true}]}}