{"id":72695,"date":"2025-06-25T23:45:06","date_gmt":"2025-06-26T05:45:06","guid":{"rendered":"https:\/\/informativoelvalledeaguascalientes.online\/?p=72695"},"modified":"2025-06-25T23:45:06","modified_gmt":"2025-06-26T05:45:06","slug":"invita-municipio-ags-a-brigada-imjuva-en-accion","status":"publish","type":"post","link":"https:\/\/informativoelvalledeaguascalientes.online\/?p=72695","title":{"rendered":"INVITA MUNICIPIO AGS. A BRIGADA \u201cIMJUVA EN ACCI\u00d3N\u201d"},"content":{"rendered":"<p class=\"p1\">#informativoelvalledeaguascalientes<span class=\"Apple-converted-space\">\u00a0 <\/span>#novaradioaguascalientes #informativoelvalledeaguascalientesll #Aguascalientes<\/p>\n<p>&nbsp;<\/p>\n<ul>\n<li><strong><em>Se realizar\u00e1 este viernes 27 de junio, a partir de las 9:00 horas, en la calle Abraham Gonz\u00e1lez No. 309, en la colonia Insurgentes<\/em><\/strong><\/li>\n<\/ul>\n<p>&nbsp;<\/p>\n<p>El Municipio de Aguascalientes, a trav\u00e9s del Instituto Municipal de la Juventud (IMJUVA), invita a la ciudadan\u00eda a participar en la brigada \u201cIMJUVA en Acci\u00f3n\u201d, en la cual la poblaci\u00f3n recibe atenci\u00f3n gratuita en servicios como asesor\u00eda jur\u00eddica, fisioterapia, unidad m\u00e9dica y dental, pl\u00e1ticas motivacionales, actividades deportivas, atenci\u00f3n m\u00e9dica general, nutrici\u00f3n y psicolog\u00eda, entre otros servicios.<\/p>\n<p>Gracias a la coordinaci\u00f3n interinstitucional en estas jornadas, la poblaci\u00f3n puede encontrar adem\u00e1s de los servicios que brinda el DIF Municipal, el programa \u201cOjo con tus Ojos\u201d de la Secretar\u00eda de Desarrollo Social y servicios de cuidado personal a cargo del Instituto de Capacitaci\u00f3n para el Trabajo del Estado de Aguascalientes (ICTEA).<\/p>\n<p>Se invita a los j\u00f3venes y familias interesadas en esta brigada a asistir este viernes 27 de junio, a partir de las 9:00 horas, en la calle Abraham Gonz\u00e1lez No. 309, en la colonia Insurgentes.<\/p>\n","protected":false},"excerpt":{"rendered":"<p>#informativoelvalledeaguascalientes\u00a0 #novaradioaguascalientes #informativoelvalledeaguascalientesll #Aguascalientes &nbsp; Se realizar\u00e1 este viernes 27 de junio, a partir de las 9:00 horas, en la calle Abraham Gonz\u00e1lez No. 309, en la colonia Insurgentes &nbsp; El Municipio de Aguascalientes, a trav\u00e9s del Instituto Municipal de la Juventud (IMJUVA), invita a la ciudadan\u00eda a participar en la brigada \u201cIMJUVA en Acci\u00f3n\u201d, [&hellip;]<\/p>\n","protected":false},"author":1,"featured_media":72696,"comment_status":"closed","ping_status":"open","sticky":false,"template":"","format":"standard","meta":{"advanced_seo_description":"","jetpack_seo_html_title":"","jetpack_seo_noindex":false,"_jetpack_memberships_contains_paid_content":false,"footnotes":"","jetpack_publicize_message":"","jetpack_publicize_feature_enabled":true,"jetpack_social_post_already_shared":true,"jetpack_social_options":{"image_generator_settings":{"template":"highway","default_image_id":0,"font":"","enabled":false},"version":2}},"categories":[21,3],"tags":[22,25,134],"class_list":["post-72695","post","type-post","status-publish","format-standard","has-post-thumbnail","hentry","category-aguascalientes","category-municipio-aguascalientes","tag-aguascalientes","tag-mpio-aguascalientes","tag-mpio-aguascalientes-imjuva"],"jetpack_publicize_connections":[],"jetpack_featured_media_url":"https:\/\/i0.wp.com\/informativoelvalledeaguascalientes.online\/wp-content\/uploads\/2025\/06\/4f6f0688-72a0-4126-ba9a-0abff1bcabc0.jpeg?fit=1280%2C1600&ssl=1","jetpack-related-posts":[],"jetpack_sharing_enabled":true,"jetpack_likes_enabled":true,"_links":{"self":[{"href":"https:\/\/informativoelvalledeaguascalientes.online\/index.php?rest_route=\/wp\/v2\/posts\/72695","targetHints":{"allow":["GET"]}}],"collection":[{"href":"https:\/\/informativoelvalledeaguascalientes.online\/index.php?rest_route=\/wp\/v2\/posts"}],"about":[{"href":"https:\/\/informativoelvalledeaguascalientes.online\/index.php?rest_route=\/wp\/v2\/types\/post"}],"author":[{"embeddable":true,"href":"https:\/\/informativoelvalledeaguascalientes.online\/index.php?rest_route=\/wp\/v2\/users\/1"}],"replies":[{"embeddable":true,"href":"https:\/\/informativoelvalledeaguascalientes.online\/index.php?rest_route=%2Fwp%2Fv2%2Fcomments&post=72695"}],"version-history":[{"count":1,"href":"https:\/\/informativoelvalledeaguascalientes.online\/index.php?rest_route=\/wp\/v2\/posts\/72695\/revisions"}],"predecessor-version":[{"id":72697,"href":"https:\/\/informativoelvalledeaguascalientes.online\/index.php?rest_route=\/wp\/v2\/posts\/72695\/revisions\/72697"}],"wp:featuredmedia":[{"embeddable":true,"href":"https:\/\/informativoelvalledeaguascalientes.online\/index.php?rest_route=\/wp\/v2\/media\/72696"}],"wp:attachment":[{"href":"https:\/\/informativoelvalledeaguascalientes.online\/index.php?rest_route=%2Fwp%2Fv2%2Fmedia&parent=72695"}],"wp:term":[{"taxonomy":"category","embeddable":true,"href":"https:\/\/informativoelvalledeaguascalientes.online\/index.php?rest_route=%2Fwp%2Fv2%2Fcategories&post=72695"},{"taxonomy":"post_tag","embeddable":true,"href":"https:\/\/informativoelvalledeaguascalientes.online\/index.php?rest_route=%2Fwp%2Fv2%2Ftags&post=72695"}],"curies":[{"name":"wp","href":"https:\/\/api.w.org\/{rel}","templated":true}]}}