{"id":72690,"date":"2025-06-25T23:37:16","date_gmt":"2025-06-26T05:37:16","guid":{"rendered":"https:\/\/informativoelvalledeaguascalientes.online\/?p=72690"},"modified":"2025-06-25T23:37:16","modified_gmt":"2025-06-26T05:37:16","slug":"reunion-de-coordinacion-para-el-proceso-de-evaluacion-de-pueblos-magicos-2025","status":"publish","type":"post","link":"https:\/\/informativoelvalledeaguascalientes.online\/?p=72690","title":{"rendered":"Reuni\u00f3n de Coordinaci\u00f3n para el Proceso de Evaluaci\u00f3n de Pueblos M\u00e1gicos 2025"},"content":{"rendered":"<p class=\"p1\">#informativoelvalledeaguascalientes<span class=\"Apple-converted-space\">\u00a0 <\/span>#novaradioaguascalientes #informativoelvalledeaguascalientesll #Aguascalientes<\/p>\n<p>&nbsp;<\/p>\n<p>&nbsp;<\/p>\n<p>El Museo Nacional de Pueblos M\u00e1gicos de #Calvillo, fue sede de la importante reuni\u00f3n de coordinaci\u00f3n del Proceso de Evaluaci\u00f3n de Pueblos M\u00e1gicos 2025.<\/p>\n<p>En dicha reuni\u00f3n, participaron representantes de los cuatro Pueblos M\u00e1gicos del estado de Aguascalientes, con el prop\u00f3sito de fortalecer su posicionamiento y desarrollo tur\u00edstico.<\/p>\n<p>Daniel Romo Urrutia, presidente municipal de Calvillo, dio la bienvenida a los asistentes y reafirm\u00f3 el compromiso de su administraci\u00f3n por trabajar en unidad con todos los \u00f3rdenes de gobierno, para garantizar que Calvillo mantenga su distintivo como Pueblo M\u00e1gico, adem\u00e1s de colaborar con Real de Asientos, San Jos\u00e9 de Gracia y Pabell\u00f3n de Hidalgo, para establecer e impulsar rutas tur\u00edsticas especiales entre todos los pueblos m\u00e1gicos.<\/p>\n<p>Durante el encuentro, Marte Luis Molina Orozco, director general de Gesti\u00f3n Social de Destinos de la Secretar\u00eda de Turismo de M\u00e9xico, present\u00f3 la Estrategia Nacional para el Fortalecimiento de los Pueblos M\u00e1gicos (ENFPM), destacando iniciativas clave para impulsar la identidad y el turismo sostenible en estas localidades.<\/p>\n<p>Mauricio Gonz\u00e1lez L\u00f3pez, Secretario de Turismo del Estado de Aguascalientes, motiv\u00f3 a los participantes a redoblar esfuerzos para conservar el reconocimiento y la magia que caracteriza a estos destinos emblem\u00e1ticos.<\/p>\n<p>Calvillo reafirma su liderazgo como un Pueblo M\u00e1gico comprometido con el desarrollo tur\u00edstico, cultural y sostenible de la regi\u00f3n.<\/p>\n<p>#CalvilloPuebloM\u00e1gico<br \/>\n#LegadoParaMiGente<br \/>\n#PueblosM\u00e1gicos2025<\/p>\n","protected":false},"excerpt":{"rendered":"<p>#informativoelvalledeaguascalientes\u00a0 #novaradioaguascalientes #informativoelvalledeaguascalientesll #Aguascalientes &nbsp; &nbsp; El Museo Nacional de Pueblos M\u00e1gicos de #Calvillo, fue sede de la importante reuni\u00f3n de coordinaci\u00f3n del Proceso de Evaluaci\u00f3n de Pueblos M\u00e1gicos 2025. En dicha reuni\u00f3n, participaron representantes de los cuatro Pueblos M\u00e1gicos del estado de Aguascalientes, con el prop\u00f3sito de fortalecer su posicionamiento y desarrollo tur\u00edstico. Daniel [&hellip;]<\/p>\n","protected":false},"author":1,"featured_media":72691,"comment_status":"closed","ping_status":"open","sticky":false,"template":"","format":"standard","meta":{"advanced_seo_description":"","jetpack_seo_html_title":"","jetpack_seo_noindex":false,"_jetpack_memberships_contains_paid_content":false,"footnotes":"","jetpack_publicize_message":"","jetpack_publicize_feature_enabled":true,"jetpack_social_post_already_shared":true,"jetpack_social_options":{"image_generator_settings":{"template":"highway","default_image_id":0,"font":"","enabled":false},"version":2}},"categories":[21,13],"tags":[22,88,29],"class_list":["post-72690","post","type-post","status-publish","format-standard","has-post-thumbnail","hentry","category-aguascalientes","category-calvillo-aguascalientes","tag-aguascalientes","tag-calvillo","tag-calvillo-aguascalientes"],"jetpack_publicize_connections":[],"jetpack_featured_media_url":"https:\/\/i0.wp.com\/informativoelvalledeaguascalientes.online\/wp-content\/uploads\/2025\/06\/506051191_1061777346098852_2332412335936803116_n.jpg?fit=1439%2C960&ssl=1","jetpack-related-posts":[],"jetpack_sharing_enabled":true,"jetpack_likes_enabled":true,"_links":{"self":[{"href":"https:\/\/informativoelvalledeaguascalientes.online\/index.php?rest_route=\/wp\/v2\/posts\/72690","targetHints":{"allow":["GET"]}}],"collection":[{"href":"https:\/\/informativoelvalledeaguascalientes.online\/index.php?rest_route=\/wp\/v2\/posts"}],"about":[{"href":"https:\/\/informativoelvalledeaguascalientes.online\/index.php?rest_route=\/wp\/v2\/types\/post"}],"author":[{"embeddable":true,"href":"https:\/\/informativoelvalledeaguascalientes.online\/index.php?rest_route=\/wp\/v2\/users\/1"}],"replies":[{"embeddable":true,"href":"https:\/\/informativoelvalledeaguascalientes.online\/index.php?rest_route=%2Fwp%2Fv2%2Fcomments&post=72690"}],"version-history":[{"count":1,"href":"https:\/\/informativoelvalledeaguascalientes.online\/index.php?rest_route=\/wp\/v2\/posts\/72690\/revisions"}],"predecessor-version":[{"id":72692,"href":"https:\/\/informativoelvalledeaguascalientes.online\/index.php?rest_route=\/wp\/v2\/posts\/72690\/revisions\/72692"}],"wp:featuredmedia":[{"embeddable":true,"href":"https:\/\/informativoelvalledeaguascalientes.online\/index.php?rest_route=\/wp\/v2\/media\/72691"}],"wp:attachment":[{"href":"https:\/\/informativoelvalledeaguascalientes.online\/index.php?rest_route=%2Fwp%2Fv2%2Fmedia&parent=72690"}],"wp:term":[{"taxonomy":"category","embeddable":true,"href":"https:\/\/informativoelvalledeaguascalientes.online\/index.php?rest_route=%2Fwp%2Fv2%2Fcategories&post=72690"},{"taxonomy":"post_tag","embeddable":true,"href":"https:\/\/informativoelvalledeaguascalientes.online\/index.php?rest_route=%2Fwp%2Fv2%2Ftags&post=72690"}],"curies":[{"name":"wp","href":"https:\/\/api.w.org\/{rel}","templated":true}]}}