{"id":72655,"date":"2025-06-24T16:55:18","date_gmt":"2025-06-24T22:55:18","guid":{"rendered":"https:\/\/informativoelvalledeaguascalientes.online\/?p=72655"},"modified":"2025-06-24T16:55:18","modified_gmt":"2025-06-24T22:55:18","slug":"avanza-regulacion-de-vivienda-vertical-en-comision-de-planeacion-del-congreso-de-aguascalientes","status":"publish","type":"post","link":"https:\/\/informativoelvalledeaguascalientes.online\/?p=72655","title":{"rendered":"AVANZA REGULACI\u00d3N DE VIVIENDA VERTICAL EN COMISI\u00d3N DE PLANEACI\u00d3N DEL CONGRESO DE AGUASCALIENTES"},"content":{"rendered":"<p class=\"p1\">#informativoelvalledeaguascalientes<span class=\"Apple-converted-space\">\u00a0 <\/span>#novaradioaguascalientes #informativoelvalledeaguascalientesll #Aguascalientes<\/p>\n<p>&nbsp;<\/p>\n<p><strong><b>\u00a0<\/b><\/strong><\/p>\n<p>En sesi\u00f3n ordinaria, la Comisi\u00f3n de Planeaci\u00f3n, Desarrollo Urbano y Obras P\u00fablicas de la LXVI Legislatura del Congreso de Aguascalientes, aprob\u00f3 la iniciativa de reforma al C\u00f3digo Urbano, propuesta por el diputado presidente de este \u00f3rgano legislativo, Max Ram\u00edrez, encaminada a la regularizaci\u00f3n de la edificaci\u00f3n de vivienda vertical en la entidad.<\/p>\n<p>&nbsp;<\/p>\n<p>El objeto de la iniciativa establece un marco jur\u00eddico que regule, promueva y facilite el desarrollo de vivienda vertical, en condiciones de sustentabilidad, accesibilidad y equidad urbana, garantizando adem\u00e1s el derecho a una vivienda adecuada y el uso eficiente del suelo.<\/p>\n<p>&nbsp;<\/p>\n<p>De acuerdo con el dictamen, se estipula que la vivienda vertical es una herramienta eficaz que optimiza el uso del suelo, favorece la movilidad sustentable, reduce el d\u00e9ficit habitacional, promueve ciudades m\u00e1s inclusivas y moderniza el marco normativo estatal en concordancia con los tratados internacionales.<\/p>\n<p>&nbsp;<\/p>\n<p>Este documento se turn\u00f3 a la Junta de Coordinaci\u00f3n Pol\u00edtica (JUCOPO) para su tr\u00e1mite legislativo correspondiente.<\/p>\n<p>&nbsp;<\/p>\n<p>A esta sesi\u00f3n tambi\u00e9n asistieron los congresistas Rodrigo Cervantes Medina, Heriberto Gallegos Serna y Jos\u00e9 Trinidad Romo Mar\u00edn, integrantes de la Comisi\u00f3n de Planeaci\u00f3n, Desarrollo Urbano y Obra P\u00fablica del Congreso de Aguascalientes.<\/p>\n","protected":false},"excerpt":{"rendered":"<p>#informativoelvalledeaguascalientes\u00a0 #novaradioaguascalientes #informativoelvalledeaguascalientesll #Aguascalientes &nbsp; \u00a0 En sesi\u00f3n ordinaria, la Comisi\u00f3n de Planeaci\u00f3n, Desarrollo Urbano y Obras P\u00fablicas de la LXVI Legislatura del Congreso de Aguascalientes, aprob\u00f3 la iniciativa de reforma al C\u00f3digo Urbano, propuesta por el diputado presidente de este \u00f3rgano legislativo, Max Ram\u00edrez, encaminada a la regularizaci\u00f3n de la edificaci\u00f3n de vivienda vertical [&hellip;]<\/p>\n","protected":false},"author":1,"featured_media":72656,"comment_status":"closed","ping_status":"open","sticky":false,"template":"","format":"standard","meta":{"advanced_seo_description":"","jetpack_seo_html_title":"","jetpack_seo_noindex":false,"_jetpack_memberships_contains_paid_content":false,"footnotes":"","jetpack_publicize_message":"","jetpack_publicize_feature_enabled":true,"jetpack_social_post_already_shared":true,"jetpack_social_options":{"image_generator_settings":{"template":"highway","default_image_id":0,"font":"","enabled":false},"version":2}},"categories":[21,5],"tags":[22,872],"class_list":["post-72655","post","type-post","status-publish","format-standard","has-post-thumbnail","hentry","category-aguascalientes","category-h-congreso-del-estado-aguascalientes","tag-aguascalientes","tag-lxvi-legislatura-aguascalientes"],"jetpack_publicize_connections":[],"jetpack_featured_media_url":"https:\/\/i0.wp.com\/informativoelvalledeaguascalientes.online\/wp-content\/uploads\/2025\/06\/WhatsApp-Image-2025-06-24-at-9.42.27-AM.jpeg?fit=736%2C552&ssl=1","jetpack-related-posts":[],"jetpack_sharing_enabled":true,"jetpack_likes_enabled":true,"_links":{"self":[{"href":"https:\/\/informativoelvalledeaguascalientes.online\/index.php?rest_route=\/wp\/v2\/posts\/72655","targetHints":{"allow":["GET"]}}],"collection":[{"href":"https:\/\/informativoelvalledeaguascalientes.online\/index.php?rest_route=\/wp\/v2\/posts"}],"about":[{"href":"https:\/\/informativoelvalledeaguascalientes.online\/index.php?rest_route=\/wp\/v2\/types\/post"}],"author":[{"embeddable":true,"href":"https:\/\/informativoelvalledeaguascalientes.online\/index.php?rest_route=\/wp\/v2\/users\/1"}],"replies":[{"embeddable":true,"href":"https:\/\/informativoelvalledeaguascalientes.online\/index.php?rest_route=%2Fwp%2Fv2%2Fcomments&post=72655"}],"version-history":[{"count":1,"href":"https:\/\/informativoelvalledeaguascalientes.online\/index.php?rest_route=\/wp\/v2\/posts\/72655\/revisions"}],"predecessor-version":[{"id":72657,"href":"https:\/\/informativoelvalledeaguascalientes.online\/index.php?rest_route=\/wp\/v2\/posts\/72655\/revisions\/72657"}],"wp:featuredmedia":[{"embeddable":true,"href":"https:\/\/informativoelvalledeaguascalientes.online\/index.php?rest_route=\/wp\/v2\/media\/72656"}],"wp:attachment":[{"href":"https:\/\/informativoelvalledeaguascalientes.online\/index.php?rest_route=%2Fwp%2Fv2%2Fmedia&parent=72655"}],"wp:term":[{"taxonomy":"category","embeddable":true,"href":"https:\/\/informativoelvalledeaguascalientes.online\/index.php?rest_route=%2Fwp%2Fv2%2Fcategories&post=72655"},{"taxonomy":"post_tag","embeddable":true,"href":"https:\/\/informativoelvalledeaguascalientes.online\/index.php?rest_route=%2Fwp%2Fv2%2Ftags&post=72655"}],"curies":[{"name":"wp","href":"https:\/\/api.w.org\/{rel}","templated":true}]}}