{"id":72597,"date":"2025-06-23T22:08:33","date_gmt":"2025-06-24T04:08:33","guid":{"rendered":"https:\/\/informativoelvalledeaguascalientes.online\/?p=72597"},"modified":"2025-06-23T22:08:33","modified_gmt":"2025-06-24T04:08:33","slug":"jesus-maria-se-prepara-para-el-censo-nacional-de-gobiernos-municipales-y-demarcaciones-territoriales-de-la-ciudad-de-mexico-2025","status":"publish","type":"post","link":"https:\/\/informativoelvalledeaguascalientes.online\/?p=72597","title":{"rendered":"JES\u00daS MAR\u00cdA SE PREPARA PARA EL CENSO NACIONAL DE GOBIERNOS MUNICIPALES Y DEMARCACIONES TERRITORIALES DE LA CIUDAD DE M\u00c9XICO 2025"},"content":{"rendered":"<p>#informativoelvalledeaguascalientes #novaradioaguascalientes #informativoelvalledeaguascalientesll #Aguascalientes<\/p>\n<p>&nbsp;<\/p>\n<p>&nbsp;<\/p>\n<p>Con el objetivo de fortalecer la transparencia, la planeaci\u00f3n y la mejora continua en la gesti\u00f3n p\u00fablica, en el municipio de Jes\u00fas Mar\u00eda se llev\u00f3 a cabo una reuni\u00f3n de trabajo con la coordinaci\u00f3n estatal del Instituto Nacional de Estad\u00edstica y Geograf\u00eda (INEGI) en Aguascalientes, donde se afinaron los detalles para el arranque del Censo Nacional de Gobiernos Municipales y Demarcaciones Territoriales de la Ciudad de M\u00e9xico 2025.<\/p>\n<p>Durante el encuentro, se inform\u00f3 que personal del INEGI comenzar\u00e1 en pr\u00f3ximos d\u00edas el levantamiento de informaci\u00f3n en diversas \u00e1reas que conforman la administraci\u00f3n municipal, entre ellas Justicia C\u00edvica, Servicios P\u00fablicos y Seguridad P\u00fablica, con el fin de generar datos estad\u00edsticos actualizados sobre el funcionamiento y estructura del gobierno local.<\/p>\n<p>El presidente municipal de Jes\u00fas Mar\u00eda, C\u00e9sar Medina, destac\u00f3 la relevancia de este ejercicio \u201cnos permite compararnos con est\u00e1ndares nacionales e identificar \u00e1reas de oportunidad para mejorar la eficiencia y calidad de los servicios p\u00fablicos, asimismo es importante para la toma de decisiones\u201d.<\/p>\n<p>En su intervenci\u00f3n, el alcalde reafirm\u00f3 el compromiso del municipio para brindar todas las facilidades y el respaldo necesario al personal del INEGI, a fin de que cuenten con la informaci\u00f3n requerida de manera oportuna y veraz.<\/p>\n","protected":false},"excerpt":{"rendered":"<p>#informativoelvalledeaguascalientes #novaradioaguascalientes #informativoelvalledeaguascalientesll #Aguascalientes &nbsp; &nbsp; Con el objetivo de fortalecer la transparencia, la planeaci\u00f3n y la mejora continua en la gesti\u00f3n p\u00fablica, en el municipio de Jes\u00fas Mar\u00eda se llev\u00f3 a cabo una reuni\u00f3n de trabajo con la coordinaci\u00f3n estatal del Instituto Nacional de Estad\u00edstica y Geograf\u00eda (INEGI) en Aguascalientes, donde se afinaron los [&hellip;]<\/p>\n","protected":false},"author":1,"featured_media":72598,"comment_status":"closed","ping_status":"open","sticky":false,"template":"","format":"standard","meta":{"advanced_seo_description":"","jetpack_seo_html_title":"","jetpack_seo_noindex":false,"_jetpack_memberships_contains_paid_content":false,"footnotes":"","jetpack_publicize_message":"","jetpack_publicize_feature_enabled":true,"jetpack_social_post_already_shared":true,"jetpack_social_options":{"image_generator_settings":{"template":"highway","default_image_id":0,"font":"","enabled":false},"version":2}},"categories":[21,14],"tags":[22,45],"class_list":["post-72597","post","type-post","status-publish","format-standard","has-post-thumbnail","hentry","category-aguascalientes","category-jesus-maria-aguascalientes","tag-aguascalientes","tag-jesus-maria-aguascalientes"],"jetpack_publicize_connections":[],"jetpack_featured_media_url":"https:\/\/i0.wp.com\/informativoelvalledeaguascalientes.online\/wp-content\/uploads\/2025\/06\/6e0a13fe-699d-4631-9a31-03823774b274.jpg?fit=1600%2C1064&ssl=1","jetpack-related-posts":[],"jetpack_sharing_enabled":true,"jetpack_likes_enabled":true,"_links":{"self":[{"href":"https:\/\/informativoelvalledeaguascalientes.online\/index.php?rest_route=\/wp\/v2\/posts\/72597","targetHints":{"allow":["GET"]}}],"collection":[{"href":"https:\/\/informativoelvalledeaguascalientes.online\/index.php?rest_route=\/wp\/v2\/posts"}],"about":[{"href":"https:\/\/informativoelvalledeaguascalientes.online\/index.php?rest_route=\/wp\/v2\/types\/post"}],"author":[{"embeddable":true,"href":"https:\/\/informativoelvalledeaguascalientes.online\/index.php?rest_route=\/wp\/v2\/users\/1"}],"replies":[{"embeddable":true,"href":"https:\/\/informativoelvalledeaguascalientes.online\/index.php?rest_route=%2Fwp%2Fv2%2Fcomments&post=72597"}],"version-history":[{"count":1,"href":"https:\/\/informativoelvalledeaguascalientes.online\/index.php?rest_route=\/wp\/v2\/posts\/72597\/revisions"}],"predecessor-version":[{"id":72599,"href":"https:\/\/informativoelvalledeaguascalientes.online\/index.php?rest_route=\/wp\/v2\/posts\/72597\/revisions\/72599"}],"wp:featuredmedia":[{"embeddable":true,"href":"https:\/\/informativoelvalledeaguascalientes.online\/index.php?rest_route=\/wp\/v2\/media\/72598"}],"wp:attachment":[{"href":"https:\/\/informativoelvalledeaguascalientes.online\/index.php?rest_route=%2Fwp%2Fv2%2Fmedia&parent=72597"}],"wp:term":[{"taxonomy":"category","embeddable":true,"href":"https:\/\/informativoelvalledeaguascalientes.online\/index.php?rest_route=%2Fwp%2Fv2%2Fcategories&post=72597"},{"taxonomy":"post_tag","embeddable":true,"href":"https:\/\/informativoelvalledeaguascalientes.online\/index.php?rest_route=%2Fwp%2Fv2%2Ftags&post=72597"}],"curies":[{"name":"wp","href":"https:\/\/api.w.org\/{rel}","templated":true}]}}