{"id":72546,"date":"2025-06-21T22:46:58","date_gmt":"2025-06-22T04:46:58","guid":{"rendered":"https:\/\/informativoelvalledeaguascalientes.online\/?p=72546"},"modified":"2025-06-21T22:46:58","modified_gmt":"2025-06-22T04:46:58","slug":"jesus-maria-fortalece-la-activacion-fisica-infantil-con-programas-dentro-de-los-condominios","status":"publish","type":"post","link":"https:\/\/informativoelvalledeaguascalientes.online\/?p=72546","title":{"rendered":"JES\u00daS MAR\u00cdA FORTALECE LA ACTIVACI\u00d3N F\u00cdSICA INFANTIL CON PROGRAMAS DENTRO DE LOS CONDOMINIOS"},"content":{"rendered":"<p class=\"p1\">#informativoelvalledeaguascalientes<span class=\"Apple-converted-space\">\u00a0 <\/span>#novaradioaguascalientes #informativoelvalledeaguascalientesll #Aguascalientes<\/p>\n<p>&nbsp;<\/p>\n<p>&nbsp;<\/p>\n<p>* Concluy\u00f3 el curso \u201cNataci\u00f3n en tu Condominio\u201d con la participaci\u00f3n de m\u00e1s de 80 menores<br \/>\n* Pr\u00f3ximamente, el municipio contar\u00e1 con una alberca semiol\u00edmpica p\u00fablica<\/p>\n<p>&nbsp;<\/p>\n<p>El Gobierno Municipal de Jes\u00fas Mar\u00eda llev\u00f3 a cabo la clausura de la primera etapa del curso \u201cNataci\u00f3n en tu Condominio\u201d, una iniciativa que acerca la pr\u00e1ctica de la nataci\u00f3n a ni\u00f1as y ni\u00f1os directamente en las albercas de diversos conjuntos habitacionales del municipio.<\/p>\n<p>Este programa, impulsado por las \u00e1reas de Informaci\u00f3n y Atenci\u00f3n Ciudadana, Atenci\u00f3n Condominal y la Secretar\u00eda de Deportes, tiene como objetivo fomentar la actividad f\u00edsica y contribuir al desarrollo integral de la infancia en un entorno cercano y seguro.<\/p>\n<p>Durante la ceremonia de clausura, realizada en Sportika, el presidente municipal C\u00e9sar Medina felicit\u00f3 a las y los participantes, as\u00ed como a los instructores y familias que formaron parte activa del proyecto. Adem\u00e1s, anunci\u00f3 que en el mes de julio comenzar\u00e1 una nueva etapa del programa en otros 10 condominios del municipio.<\/p>\n<p>Asimismo, el alcalde inform\u00f3 que ya est\u00e1 en marcha el proyecto para construir la primera alberca p\u00fablica semiol\u00edmpica en Jes\u00fas Mar\u00eda, un espacio que permitir\u00e1 ampliar las oportunidades para la pr\u00e1ctica formal de la nataci\u00f3n. \u201cEste ser\u00e1 un lugar accesible para todas y todos, donde ni\u00f1as, ni\u00f1os y j\u00f3venes podr\u00e1n seguir desarrollando sus habilidades acu\u00e1ticas\u201d, destac\u00f3.<\/p>\n<p>Como parte del evento, se llev\u00f3 a cabo una exhibici\u00f3n de nataci\u00f3n de alto nivel a cargo de cuatro nadadores nacionales, medallistas en los Juegos CONADE 2025 y representantes de M\u00e9xico en el Campeonato Mundial de Nataci\u00f3n celebrado en Serbia. Posteriormente, las y los alumnos del curso ofrecieron una demostraci\u00f3n de las habilidades y t\u00e9cnicas aprendidas durante su formaci\u00f3n.<\/p>\n","protected":false},"excerpt":{"rendered":"<p>#informativoelvalledeaguascalientes\u00a0 #novaradioaguascalientes #informativoelvalledeaguascalientesll #Aguascalientes &nbsp; &nbsp; * Concluy\u00f3 el curso \u201cNataci\u00f3n en tu Condominio\u201d con la participaci\u00f3n de m\u00e1s de 80 menores * Pr\u00f3ximamente, el municipio contar\u00e1 con una alberca semiol\u00edmpica p\u00fablica &nbsp; El Gobierno Municipal de Jes\u00fas Mar\u00eda llev\u00f3 a cabo la clausura de la primera etapa del curso \u201cNataci\u00f3n en tu Condominio\u201d, una [&hellip;]<\/p>\n","protected":false},"author":1,"featured_media":72547,"comment_status":"closed","ping_status":"open","sticky":false,"template":"","format":"standard","meta":{"_monsterinsights_skip_tracking":false,"advanced_seo_description":"","jetpack_seo_html_title":"","jetpack_seo_noindex":false,"jetpack_seo_schema_type":"","_jetpack_newsletter_access":"","_jetpack_dont_email_post_to_subs":false,"_jetpack_newsletter_tier_id":0,"_jetpack_memberships_contains_paywalled_content":false,"_jetpack_feature_clip_id":0,"_jetpack_memberships_contains_paid_content":false,"footnotes":"","jetpack_publicize_message":"","jetpack_publicize_feature_enabled":true,"jetpack_social_post_already_shared":true,"jetpack_social_options":{"image_generator_settings":{"template":"highway","default_image_id":0,"font":"","enabled":false},"version":2},"jetpack_post_was_ever_published":false},"categories":[21,14],"tags":[22,45],"class_list":["post-72546","post","type-post","status-publish","format-standard","has-post-thumbnail","hentry","category-aguascalientes","category-jesus-maria-aguascalientes","tag-aguascalientes","tag-jesus-maria-aguascalientes"],"jetpack_publicize_connections":[],"jetpack_featured_media_url":"https:\/\/i0.wp.com\/informativoelvalledeaguascalientes.online\/wp-content\/uploads\/2025\/06\/39145123-d778-4c0b-9d43-f9dd6598113c-scaled.jpeg?fit=2560%2C1703&ssl=1","jetpack-related-posts":[],"jetpack_sharing_enabled":true,"jetpack_likes_enabled":true,"_links":{"self":[{"href":"https:\/\/informativoelvalledeaguascalientes.online\/index.php?rest_route=\/wp\/v2\/posts\/72546","targetHints":{"allow":["GET"]}}],"collection":[{"href":"https:\/\/informativoelvalledeaguascalientes.online\/index.php?rest_route=\/wp\/v2\/posts"}],"about":[{"href":"https:\/\/informativoelvalledeaguascalientes.online\/index.php?rest_route=\/wp\/v2\/types\/post"}],"author":[{"embeddable":true,"href":"https:\/\/informativoelvalledeaguascalientes.online\/index.php?rest_route=\/wp\/v2\/users\/1"}],"replies":[{"embeddable":true,"href":"https:\/\/informativoelvalledeaguascalientes.online\/index.php?rest_route=%2Fwp%2Fv2%2Fcomments&post=72546"}],"version-history":[{"count":1,"href":"https:\/\/informativoelvalledeaguascalientes.online\/index.php?rest_route=\/wp\/v2\/posts\/72546\/revisions"}],"predecessor-version":[{"id":72548,"href":"https:\/\/informativoelvalledeaguascalientes.online\/index.php?rest_route=\/wp\/v2\/posts\/72546\/revisions\/72548"}],"wp:featuredmedia":[{"embeddable":true,"href":"https:\/\/informativoelvalledeaguascalientes.online\/index.php?rest_route=\/wp\/v2\/media\/72547"}],"wp:attachment":[{"href":"https:\/\/informativoelvalledeaguascalientes.online\/index.php?rest_route=%2Fwp%2Fv2%2Fmedia&parent=72546"}],"wp:term":[{"taxonomy":"category","embeddable":true,"href":"https:\/\/informativoelvalledeaguascalientes.online\/index.php?rest_route=%2Fwp%2Fv2%2Fcategories&post=72546"},{"taxonomy":"post_tag","embeddable":true,"href":"https:\/\/informativoelvalledeaguascalientes.online\/index.php?rest_route=%2Fwp%2Fv2%2Ftags&post=72546"}],"curies":[{"name":"wp","href":"https:\/\/api.w.org\/{rel}","templated":true}]}}