{"id":72499,"date":"2025-06-20T22:32:32","date_gmt":"2025-06-21T04:32:32","guid":{"rendered":"https:\/\/informativoelvalledeaguascalientes.online\/?p=72499"},"modified":"2025-06-20T22:32:32","modified_gmt":"2025-06-21T04:32:32","slug":"jesus-maria-y-panama-estrechan-lazos-para-impulsar-cooperacion-economica-y-cultural","status":"publish","type":"post","link":"https:\/\/informativoelvalledeaguascalientes.online\/?p=72499","title":{"rendered":"JES\u00daS MAR\u00cdA Y PANAM\u00c1 ESTRECHAN LAZOS PARA IMPULSAR COOPERACI\u00d3N ECON\u00d3MICA Y CULTURAL"},"content":{"rendered":"<p class=\"p1\">#informativoelvalledeaguascalientes<span class=\"Apple-converted-space\">\u00a0 <\/span>#novaradioaguascalientes #informativoelvalledeaguascalientesll #Aguascalientes<\/p>\n<p>&nbsp;<\/p>\n<p>El embajador de Panam\u00e1 en M\u00e9xico, Abraham Mart\u00ednez Montilla, visit\u00f3 el municipio de Jes\u00fas Mar\u00eda, donde sostuvo un encuentro con el presidente municipal C\u00e9sar Medina, integrantes del Cabildo y funcionarios municipales. En el evento tambi\u00e9n se cont\u00f3 con la presencia del senador Antonio Mart\u00edn del Campo.<\/p>\n<p>Como parte de su agenda, el embajador recorri\u00f3 las instalaciones de la empresa JM ROMO, una de las m\u00e1s representativas del municipio, donde pudo conocer de primera mano el potencial industrial de la regi\u00f3n.<\/p>\n<p>Durante su intervenci\u00f3n, el presidente municipal C\u00e9sar Medina destac\u00f3 que Jes\u00fas Mar\u00eda cuenta con tres parques industriales y una pujante industria mueblera que involucra a m\u00e1s de 5 mil familias, cuyas manufacturas tienen el potencial de exportarse a nuevos mercados, como el paname\u00f1o.<\/p>\n<p>Por su parte, el embajador Mart\u00ednez Montilla subray\u00f3 que Panam\u00e1 tiene los brazos abiertos para los empresarios mexicanos y que esta visita representa el inicio de una relaci\u00f3n estrat\u00e9gica para establecer v\u00ednculos econ\u00f3micos y culturales duraderos con el municipio de Jes\u00fas Mar\u00eda. Reiter\u00f3 adem\u00e1s, que la embajada est\u00e1 disponible para brindar apoyo a aquellos empresarios interesados en expandirse a trav\u00e9s del canal log\u00edstico y comercial que ofrece su pa\u00eds.<\/p>\n<p>Este encuentro con el embajador paname\u00f1o marca un paso firme hacia una agenda internacional que impulse el desarrollo del municipio de Jes\u00fas Mar\u00eda y fortalezca su presencia m\u00e1s all\u00e1 de las fronteras.<\/p>\n","protected":false},"excerpt":{"rendered":"<p>#informativoelvalledeaguascalientes\u00a0 #novaradioaguascalientes #informativoelvalledeaguascalientesll #Aguascalientes &nbsp; El embajador de Panam\u00e1 en M\u00e9xico, Abraham Mart\u00ednez Montilla, visit\u00f3 el municipio de Jes\u00fas Mar\u00eda, donde sostuvo un encuentro con el presidente municipal C\u00e9sar Medina, integrantes del Cabildo y funcionarios municipales. En el evento tambi\u00e9n se cont\u00f3 con la presencia del senador Antonio Mart\u00edn del Campo. Como parte de su [&hellip;]<\/p>\n","protected":false},"author":1,"featured_media":72500,"comment_status":"closed","ping_status":"open","sticky":false,"template":"","format":"standard","meta":{"advanced_seo_description":"","jetpack_seo_html_title":"","jetpack_seo_noindex":false,"_jetpack_memberships_contains_paid_content":false,"footnotes":"","jetpack_publicize_message":"","jetpack_publicize_feature_enabled":true,"jetpack_social_post_already_shared":true,"jetpack_social_options":{"image_generator_settings":{"template":"highway","default_image_id":0,"font":"","enabled":false},"version":2}},"categories":[21,14],"tags":[22,45],"class_list":["post-72499","post","type-post","status-publish","format-standard","has-post-thumbnail","hentry","category-aguascalientes","category-jesus-maria-aguascalientes","tag-aguascalientes","tag-jesus-maria-aguascalientes"],"jetpack_publicize_connections":[],"jetpack_featured_media_url":"https:\/\/i0.wp.com\/informativoelvalledeaguascalientes.online\/wp-content\/uploads\/2025\/06\/919f1b6c-9431-4f30-8da9-b14e6b51d162-scaled.jpeg?fit=2560%2C1658&ssl=1","jetpack-related-posts":[],"jetpack_sharing_enabled":true,"jetpack_likes_enabled":true,"_links":{"self":[{"href":"https:\/\/informativoelvalledeaguascalientes.online\/index.php?rest_route=\/wp\/v2\/posts\/72499","targetHints":{"allow":["GET"]}}],"collection":[{"href":"https:\/\/informativoelvalledeaguascalientes.online\/index.php?rest_route=\/wp\/v2\/posts"}],"about":[{"href":"https:\/\/informativoelvalledeaguascalientes.online\/index.php?rest_route=\/wp\/v2\/types\/post"}],"author":[{"embeddable":true,"href":"https:\/\/informativoelvalledeaguascalientes.online\/index.php?rest_route=\/wp\/v2\/users\/1"}],"replies":[{"embeddable":true,"href":"https:\/\/informativoelvalledeaguascalientes.online\/index.php?rest_route=%2Fwp%2Fv2%2Fcomments&post=72499"}],"version-history":[{"count":1,"href":"https:\/\/informativoelvalledeaguascalientes.online\/index.php?rest_route=\/wp\/v2\/posts\/72499\/revisions"}],"predecessor-version":[{"id":72501,"href":"https:\/\/informativoelvalledeaguascalientes.online\/index.php?rest_route=\/wp\/v2\/posts\/72499\/revisions\/72501"}],"wp:featuredmedia":[{"embeddable":true,"href":"https:\/\/informativoelvalledeaguascalientes.online\/index.php?rest_route=\/wp\/v2\/media\/72500"}],"wp:attachment":[{"href":"https:\/\/informativoelvalledeaguascalientes.online\/index.php?rest_route=%2Fwp%2Fv2%2Fmedia&parent=72499"}],"wp:term":[{"taxonomy":"category","embeddable":true,"href":"https:\/\/informativoelvalledeaguascalientes.online\/index.php?rest_route=%2Fwp%2Fv2%2Fcategories&post=72499"},{"taxonomy":"post_tag","embeddable":true,"href":"https:\/\/informativoelvalledeaguascalientes.online\/index.php?rest_route=%2Fwp%2Fv2%2Ftags&post=72499"}],"curies":[{"name":"wp","href":"https:\/\/api.w.org\/{rel}","templated":true}]}}