{"id":72496,"date":"2025-06-20T22:28:22","date_gmt":"2025-06-21T04:28:22","guid":{"rendered":"https:\/\/informativoelvalledeaguascalientes.online\/?p=72496"},"modified":"2025-06-20T22:28:22","modified_gmt":"2025-06-21T04:28:22","slug":"aguascalientes-refuerza-marco-legal-contra-la-violencia-de-genero-arlette-munoz","status":"publish","type":"post","link":"https:\/\/informativoelvalledeaguascalientes.online\/?p=72496","title":{"rendered":"AGUASCALIENTES REFUERZA MARCO LEGAL CONTRA LA VIOLENCIA DE G\u00c9NERO: ARLETTE MU\u00d1OZ."},"content":{"rendered":"<p class=\"p1\">#informativoelvalledeaguascalientes<span class=\"Apple-converted-space\">\u00a0 <\/span>#novaradioaguascalientes #informativoelvalledeaguascalientesll #Aguascalientes<\/p>\n<p>&nbsp;<\/p>\n<p>Aguascalientes refuerza su marco legal contra la violencia de g\u00e9nero con una reforma a la Ley de Seguridad, otorgando competencia a las autoridades encargadas de emitir \u00f3rdenes de protecci\u00f3n a mujeres.<\/p>\n<p>Arlette Mu\u00f1oz subray\u00f3 la importancia de asegurar que las \u00f3rdenes de protecci\u00f3n se cumplan y, sobre todo, que la atenci\u00f3n a las v\u00edctimas sea inmediata y con un trato digno, ya que la violencia no debe permitirse bajo ning\u00fan motivo.<\/p>\n<p>&#8220;Este dictamen propone reforzar en la Ley el sistema de seguridad p\u00fablica para que las \u00f3rdenes de protecci\u00f3n se cumplan como deben ser y se haga justicia para quienes han sido v\u00edctimas de violencia&#8221;, indic\u00f3. Un aspecto importante es la capacitaci\u00f3n constante de los elementos ante emergencias de este tipo, as\u00ed como que cada instancia sepa con precisi\u00f3n c\u00f3mo actuar para proteger a quienes est\u00e1n en peligro.<\/p>\n<p>Arlette Mu\u00f1oz reconoci\u00f3 el trabajo realizado por la Gobernadora Tere Jim\u00e9nez al implementar pol\u00edticas p\u00fablicas para combatir la violencia y proteger a las mujeres del estado. &#8220;Es vital no bajar la guardia y reforzar desde la ley&#8221;, enfatiz\u00f3.<\/p>\n","protected":false},"excerpt":{"rendered":"<p>#informativoelvalledeaguascalientes\u00a0 #novaradioaguascalientes #informativoelvalledeaguascalientesll #Aguascalientes &nbsp; Aguascalientes refuerza su marco legal contra la violencia de g\u00e9nero con una reforma a la Ley de Seguridad, otorgando competencia a las autoridades encargadas de emitir \u00f3rdenes de protecci\u00f3n a mujeres. Arlette Mu\u00f1oz subray\u00f3 la importancia de asegurar que las \u00f3rdenes de protecci\u00f3n se cumplan y, sobre todo, que la [&hellip;]<\/p>\n","protected":false},"author":1,"featured_media":72497,"comment_status":"closed","ping_status":"open","sticky":false,"template":"","format":"standard","meta":{"advanced_seo_description":"","jetpack_seo_html_title":"","jetpack_seo_noindex":false,"_jetpack_memberships_contains_paid_content":false,"footnotes":"","jetpack_publicize_message":"","jetpack_publicize_feature_enabled":true,"jetpack_social_post_already_shared":true,"jetpack_social_options":{"image_generator_settings":{"template":"highway","default_image_id":0,"font":"","enabled":false},"version":2}},"categories":[21,5],"tags":[22,872],"class_list":["post-72496","post","type-post","status-publish","format-standard","has-post-thumbnail","hentry","category-aguascalientes","category-h-congreso-del-estado-aguascalientes","tag-aguascalientes","tag-lxvi-legislatura-aguascalientes"],"jetpack_publicize_connections":[],"jetpack_featured_media_url":"https:\/\/i0.wp.com\/informativoelvalledeaguascalientes.online\/wp-content\/uploads\/2025\/06\/4b059780-8037-4cca-be22-dd5eb07bdf10.jpeg?fit=1439%2C958&ssl=1","jetpack-related-posts":[],"jetpack_sharing_enabled":true,"jetpack_likes_enabled":true,"_links":{"self":[{"href":"https:\/\/informativoelvalledeaguascalientes.online\/index.php?rest_route=\/wp\/v2\/posts\/72496","targetHints":{"allow":["GET"]}}],"collection":[{"href":"https:\/\/informativoelvalledeaguascalientes.online\/index.php?rest_route=\/wp\/v2\/posts"}],"about":[{"href":"https:\/\/informativoelvalledeaguascalientes.online\/index.php?rest_route=\/wp\/v2\/types\/post"}],"author":[{"embeddable":true,"href":"https:\/\/informativoelvalledeaguascalientes.online\/index.php?rest_route=\/wp\/v2\/users\/1"}],"replies":[{"embeddable":true,"href":"https:\/\/informativoelvalledeaguascalientes.online\/index.php?rest_route=%2Fwp%2Fv2%2Fcomments&post=72496"}],"version-history":[{"count":1,"href":"https:\/\/informativoelvalledeaguascalientes.online\/index.php?rest_route=\/wp\/v2\/posts\/72496\/revisions"}],"predecessor-version":[{"id":72498,"href":"https:\/\/informativoelvalledeaguascalientes.online\/index.php?rest_route=\/wp\/v2\/posts\/72496\/revisions\/72498"}],"wp:featuredmedia":[{"embeddable":true,"href":"https:\/\/informativoelvalledeaguascalientes.online\/index.php?rest_route=\/wp\/v2\/media\/72497"}],"wp:attachment":[{"href":"https:\/\/informativoelvalledeaguascalientes.online\/index.php?rest_route=%2Fwp%2Fv2%2Fmedia&parent=72496"}],"wp:term":[{"taxonomy":"category","embeddable":true,"href":"https:\/\/informativoelvalledeaguascalientes.online\/index.php?rest_route=%2Fwp%2Fv2%2Fcategories&post=72496"},{"taxonomy":"post_tag","embeddable":true,"href":"https:\/\/informativoelvalledeaguascalientes.online\/index.php?rest_route=%2Fwp%2Fv2%2Ftags&post=72496"}],"curies":[{"name":"wp","href":"https:\/\/api.w.org\/{rel}","templated":true}]}}