{"id":72477,"date":"2025-06-20T22:06:28","date_gmt":"2025-06-21T04:06:28","guid":{"rendered":"https:\/\/informativoelvalledeaguascalientes.online\/?p=72477"},"modified":"2025-06-20T22:06:43","modified_gmt":"2025-06-21T04:06:43","slug":"invita-dif-municipal-a-jornada-de-salud-auditiva-integral-escuchando-diferente","status":"publish","type":"post","link":"https:\/\/informativoelvalledeaguascalientes.online\/?p=72477","title":{"rendered":"INVITA DIF MUNICIPAL AGS. A JORNADA DE SALUD AUDITIVA INTEGRAL \u201cESCUCHANDO DIFERENTE\u201d"},"content":{"rendered":"<p class=\"p1\">#informativoelvalledeaguascalientes<span class=\"Apple-converted-space\">\u00a0 <\/span>#novaradioaguascalientes #informativoelvalledeaguascalientesll #Aguascalientes<\/p>\n<p>&nbsp;<\/p>\n<p>&nbsp;<\/p>\n<ul>\n<li><strong><em>Los interesados se pueden registrar al tel\u00e9fono 449 912 77 19, extensi\u00f3n 2101, de lunes a viernes en un horario de 8:00 a 15:30 horas<\/em><\/strong><\/li>\n<\/ul>\n<p>&nbsp;<\/p>\n<p>Con el prop\u00f3sito de mejorar la calidad de vida de personas en situaci\u00f3n vulnerable, el Municipio de Aguascalientes, a trav\u00e9s del DIF Municipal, en coordinaci\u00f3n con Fundaci\u00f3n MVS Radio y Grupo OXXO, llevar\u00e1 a cabo la jornada de salud auditiva integral \u201cEscuchando DIFerente\u201d, un programa social de alto impacto que busca atender de forma directa y especializada la salud auditiva de nuestra poblaci\u00f3n.<\/p>\n<p>Se ofrecer\u00e1\u00a0atenci\u00f3n m\u00e9dica especializada,\u00a0diagn\u00f3stico auditivo y la\u00a0entrega gratuita de aparatos auditivos adaptados\u00a0a las necesidades de cada persona beneficiaria, promoviendo as\u00ed la inclusi\u00f3n, la autonom\u00eda y el bienestar de las personas con discapacidad.<\/p>\n<p>Esta jornada se realizar\u00e1 los d\u00edas lunes 21 y martes 22 de julio, atendiendo 50 personas por d\u00eda quienes recibir\u00e1n:<\/p>\n<ul>\n<li>Revisi\u00f3n m\u00e9dica auditiva individual<\/li>\n<li>Diagn\u00f3stico especializado<\/li>\n<li>Aparato auditivo calibrado y adaptado<\/li>\n<li>Capacitaci\u00f3n sobre su uso y cuidados<\/li>\n<li>Seguimiento cl\u00ednico posterior<\/li>\n<\/ul>\n<p>A trav\u00e9s del trabajo coordinado del DIF Municipal con Grupo Oxxo y Fundaci\u00f3n MVS Radio se entregar\u00e1n 100 aparatos auditivos, adem\u00e1s de la valoraci\u00f3n, calibraci\u00f3n, entrega y seguimiento cl\u00ednico.<\/p>\n<p>Los interesados en tener este apoyo, se pueden registrar al tel\u00e9fono 449 912 77 19, extensi\u00f3n 2101, de lunes a viernes en un horario de atenci\u00f3n de 8:00 a 15:30 horas.<\/p>\n","protected":false},"excerpt":{"rendered":"<p>#informativoelvalledeaguascalientes\u00a0 #novaradioaguascalientes #informativoelvalledeaguascalientesll #Aguascalientes &nbsp; &nbsp; Los interesados se pueden registrar al tel\u00e9fono 449 912 77 19, extensi\u00f3n 2101, de lunes a viernes en un horario de 8:00 a 15:30 horas &nbsp; Con el prop\u00f3sito de mejorar la calidad de vida de personas en situaci\u00f3n vulnerable, el Municipio de Aguascalientes, a trav\u00e9s del DIF Municipal, [&hellip;]<\/p>\n","protected":false},"author":1,"featured_media":72478,"comment_status":"closed","ping_status":"open","sticky":false,"template":"","format":"standard","meta":{"advanced_seo_description":"","jetpack_seo_html_title":"","jetpack_seo_noindex":false,"_jetpack_memberships_contains_paid_content":false,"footnotes":"","jetpack_publicize_message":"","jetpack_publicize_feature_enabled":true,"jetpack_social_post_already_shared":true,"jetpack_social_options":{"image_generator_settings":{"template":"highway","default_image_id":0,"font":"","enabled":false},"version":2}},"categories":[21,4],"tags":[22,25,72],"class_list":["post-72477","post","type-post","status-publish","format-standard","has-post-thumbnail","hentry","category-aguascalientes","category-gobierno-del-estado-aguascalientes","tag-aguascalientes","tag-mpio-aguascalientes","tag-mpio-aguascalientes-dif"],"jetpack_publicize_connections":[],"jetpack_featured_media_url":"https:\/\/i0.wp.com\/informativoelvalledeaguascalientes.online\/wp-content\/uploads\/2025\/06\/893f72ea-074d-4b99-93ea-5abc7868415e.jpeg?fit=1024%2C1280&ssl=1","jetpack-related-posts":[],"jetpack_sharing_enabled":true,"jetpack_likes_enabled":true,"_links":{"self":[{"href":"https:\/\/informativoelvalledeaguascalientes.online\/index.php?rest_route=\/wp\/v2\/posts\/72477","targetHints":{"allow":["GET"]}}],"collection":[{"href":"https:\/\/informativoelvalledeaguascalientes.online\/index.php?rest_route=\/wp\/v2\/posts"}],"about":[{"href":"https:\/\/informativoelvalledeaguascalientes.online\/index.php?rest_route=\/wp\/v2\/types\/post"}],"author":[{"embeddable":true,"href":"https:\/\/informativoelvalledeaguascalientes.online\/index.php?rest_route=\/wp\/v2\/users\/1"}],"replies":[{"embeddable":true,"href":"https:\/\/informativoelvalledeaguascalientes.online\/index.php?rest_route=%2Fwp%2Fv2%2Fcomments&post=72477"}],"version-history":[{"count":2,"href":"https:\/\/informativoelvalledeaguascalientes.online\/index.php?rest_route=\/wp\/v2\/posts\/72477\/revisions"}],"predecessor-version":[{"id":72480,"href":"https:\/\/informativoelvalledeaguascalientes.online\/index.php?rest_route=\/wp\/v2\/posts\/72477\/revisions\/72480"}],"wp:featuredmedia":[{"embeddable":true,"href":"https:\/\/informativoelvalledeaguascalientes.online\/index.php?rest_route=\/wp\/v2\/media\/72478"}],"wp:attachment":[{"href":"https:\/\/informativoelvalledeaguascalientes.online\/index.php?rest_route=%2Fwp%2Fv2%2Fmedia&parent=72477"}],"wp:term":[{"taxonomy":"category","embeddable":true,"href":"https:\/\/informativoelvalledeaguascalientes.online\/index.php?rest_route=%2Fwp%2Fv2%2Fcategories&post=72477"},{"taxonomy":"post_tag","embeddable":true,"href":"https:\/\/informativoelvalledeaguascalientes.online\/index.php?rest_route=%2Fwp%2Fv2%2Ftags&post=72477"}],"curies":[{"name":"wp","href":"https:\/\/api.w.org\/{rel}","templated":true}]}}