{"id":72474,"date":"2025-06-20T21:53:49","date_gmt":"2025-06-21T03:53:49","guid":{"rendered":"https:\/\/informativoelvalledeaguascalientes.online\/?p=72474"},"modified":"2025-06-20T21:53:49","modified_gmt":"2025-06-21T03:53:49","slug":"tere-jimenez-inaugura-parque-y-entrega-apoyos-para-el-campo-en-penuelas","status":"publish","type":"post","link":"https:\/\/informativoelvalledeaguascalientes.online\/?p=72474","title":{"rendered":"TERE JIM\u00c9NEZ INAUGURA PARQUE Y ENTREGA APOYOS PARA EL CAMPO EN PE\u00d1UELAS"},"content":{"rendered":"<p class=\"p1\">#informativoelvalledeaguascalientes<span class=\"Apple-converted-space\">\u00a0 <\/span>#novaradioaguascalientes #informativoelvalledeaguascalientesll #Aguascalientes<\/p>\n<p>&nbsp;<\/p>\n<p>&nbsp;<\/p>\n<p>* La rehabilitaci\u00f3n del Parque Pe\u00f1uelas incluy\u00f3 trotapista, cancha de basquetbol y juegos, con una inversi\u00f3n superior a los 4 millones de pesos<br \/>\n* Se entregaron diversos apoyos para el campo: semilla mejorada, composta, fertilizante org\u00e1nico, cisternas, equipo agroindustrial, entre otros<br \/>\n* Autoridades estatales y municipales destacaron el trabajo conjunto para mejorar la calidad de vida en las comunidades rurales<\/p>\n<p>&nbsp;<\/p>\n<p>La gobernadora de Aguascalientes, Tere Jim\u00e9nez, entreg\u00f3 las obras de rehabilitaci\u00f3n del Parque Pe\u00f1uelas, un espacio p\u00fablico renovado donde las personas pueden convivir y realizar actividades deportivas.<\/p>\n<p>\u201cLes pusimos sus canchas deportivas y juegos para que tengan espacios dignos y de calidad, como se merecen. Simplemente aqu\u00ed en la capital hemos rehabilitado y entregado 16 parques\u201d, expres\u00f3 la gobernadora durante el evento en el Ejido Pe\u00f1uelas.<\/p>\n<p>Carolina L\u00f3pez L\u00f3pez, secretaria de Obras P\u00fablicas, detall\u00f3 que los trabajos de rehabilitaci\u00f3n del Parque Pe\u00f1uelas contemplaron la construcci\u00f3n de una trotapista, una resbaladilla de concreto y un andador de piso de concreto, as\u00ed como la rehabilitaci\u00f3n de la cancha de basquetbol, la colocaci\u00f3n de nuevas gradas, bancas y juegos infantiles.<\/p>\n<p>Indic\u00f3 que la inversi\u00f3n fue superior a los 4 millones de pesos y los trabajos realizados abarcaron 4 mil 700 metros cuadrados, lo que equivale a 11 canchas de basquetbol. \u201cEste parque es un espacio para pasar tiempo con nuestras familias, para que nuestros hijos hagan deporte y, por tanto, sean m\u00e1s saludables. Todo eso, cr\u00e9anme, que a la larga es una muy buena inversi\u00f3n\u201d, resalt\u00f3.<\/p>\n<p>Leonardo Monta\u00f1ez Castro, presidente municipal de Aguascalientes, reconoci\u00f3 la buena voluntad de la gobernadora, ya que siempre ha contado con su apoyo para impulsar diversos proyectos en la capital.<\/p>\n<p>\u201cSeguiremos trabajando de la mano con Tere Jim\u00e9nez por un mejor Aguascalientes; vienen nuevos parques, obra p\u00fablica, pozos de agua potable en las comunidades. Sabemos que a\u00fan falta mucho por hacer\u201d, sostuvo Monta\u00f1ez Castro.<\/p>\n<p>Asimismo, durante el evento, la gobernadora Tere Jim\u00e9nez otorg\u00f3 diversos apoyos para el campo, correspondientes a los programas de Semilla Mejorada de Frijol y Ma\u00edz de Temporal, Empleo Temporal, Apoyo a la Palabra y Equipamiento a Agroindustrias.<\/p>\n<p>\u201cSiempre vamos a apoyar a la gente que trabaja y que se esfuerza; est\u00e1n saliendo constantemente convocatorias de empleo temporal, tambi\u00e9n en apoyo a los agricultores y ganaderos\u201d, subray\u00f3 la gobernadora.<\/p>\n<p>Isidoro Armend\u00e1riz Garc\u00eda, titular de la Secretar\u00eda de Desarrollo Rural y Agroempresarial (Sedrae), detall\u00f3 que los productores recibieron semilla mejorada, composta, fertilizante org\u00e1nico, cisternas, equipo agroindustrial y apoyo para el empleo temporal.<\/p>\n<p>\u201cHemos tenido la indicaci\u00f3n de nuestra amiga Tere Jim\u00e9nez de que trabajemos por un campo productivo y sustentable, que sea amigable con el medio ambiente. Hay que comer de la tierra que nos da los benditos frutos, pero tambi\u00e9n hay que darle de comer al suelo y a la tierra, con su abono, su fertilizante y su composta\u201d, resalt\u00f3 Armend\u00e1riz.<\/p>\n<p>Adriana N\u00fa\u00f1ez Mac\u00edas, beneficiaria, dijo sentirse muy contenta por el apoyo recibido: \u201cMi m\u00e1s sincero agradecimiento por los apoyos que hoy nos dan, y especialmente por la tan esperada remodelaci\u00f3n de nuestro parque. Gracias, gobernadora, por mirar hacia nosotros con sensibilidad y acci\u00f3n. Estos apoyos transforman vidas y fortalecen nuestro sentido de pertenencia\u201d, finaliz\u00f3.<\/p>\n<p>En el evento acompa\u00f1aron a la gobernadora, Luis Le\u00f3n, presidente de la Mesa Directiva del H. Congreso del Estado; Mirna Medina Ruvalcaba, diputada local; Sarah\u00ed Mac\u00edas Alicea, titular de la Secretar\u00eda de Sustentabilidad, Medio Ambiente y Agua (SSMAA); y Jaime Arellano Flores, beneficiario del programa Apoyo a la Palabra.<\/p>\n","protected":false},"excerpt":{"rendered":"<p>#informativoelvalledeaguascalientes\u00a0 #novaradioaguascalientes #informativoelvalledeaguascalientesll #Aguascalientes &nbsp; &nbsp; * La rehabilitaci\u00f3n del Parque Pe\u00f1uelas incluy\u00f3 trotapista, cancha de basquetbol y juegos, con una inversi\u00f3n superior a los 4 millones de pesos * Se entregaron diversos apoyos para el campo: semilla mejorada, composta, fertilizante org\u00e1nico, cisternas, equipo agroindustrial, entre otros * Autoridades estatales y municipales destacaron el trabajo [&hellip;]<\/p>\n","protected":false},"author":1,"featured_media":72475,"comment_status":"closed","ping_status":"open","sticky":false,"template":"","format":"standard","meta":{"advanced_seo_description":"","jetpack_seo_html_title":"","jetpack_seo_noindex":false,"_jetpack_memberships_contains_paid_content":false,"footnotes":"","jetpack_publicize_message":"","jetpack_publicize_feature_enabled":true,"jetpack_social_post_already_shared":true,"jetpack_social_options":{"image_generator_settings":{"template":"highway","default_image_id":0,"font":"","enabled":false},"version":2}},"categories":[21,4],"tags":[22,615,106,320],"class_list":["post-72474","post","type-post","status-publish","format-standard","has-post-thumbnail","hentry","category-aguascalientes","category-gobierno-del-estado-aguascalientes","tag-aguascalientes","tag-gobierno-del-estado-de-aguascalientes","tag-sedrae","tag-tere-jimenez"],"jetpack_publicize_connections":[],"jetpack_featured_media_url":"https:\/\/i0.wp.com\/informativoelvalledeaguascalientes.online\/wp-content\/uploads\/2025\/06\/f8eda9c7-12a5-4892-82d2-845965307c42.jpeg?fit=1280%2C853&ssl=1","jetpack-related-posts":[],"jetpack_sharing_enabled":true,"jetpack_likes_enabled":true,"_links":{"self":[{"href":"https:\/\/informativoelvalledeaguascalientes.online\/index.php?rest_route=\/wp\/v2\/posts\/72474","targetHints":{"allow":["GET"]}}],"collection":[{"href":"https:\/\/informativoelvalledeaguascalientes.online\/index.php?rest_route=\/wp\/v2\/posts"}],"about":[{"href":"https:\/\/informativoelvalledeaguascalientes.online\/index.php?rest_route=\/wp\/v2\/types\/post"}],"author":[{"embeddable":true,"href":"https:\/\/informativoelvalledeaguascalientes.online\/index.php?rest_route=\/wp\/v2\/users\/1"}],"replies":[{"embeddable":true,"href":"https:\/\/informativoelvalledeaguascalientes.online\/index.php?rest_route=%2Fwp%2Fv2%2Fcomments&post=72474"}],"version-history":[{"count":1,"href":"https:\/\/informativoelvalledeaguascalientes.online\/index.php?rest_route=\/wp\/v2\/posts\/72474\/revisions"}],"predecessor-version":[{"id":72476,"href":"https:\/\/informativoelvalledeaguascalientes.online\/index.php?rest_route=\/wp\/v2\/posts\/72474\/revisions\/72476"}],"wp:featuredmedia":[{"embeddable":true,"href":"https:\/\/informativoelvalledeaguascalientes.online\/index.php?rest_route=\/wp\/v2\/media\/72475"}],"wp:attachment":[{"href":"https:\/\/informativoelvalledeaguascalientes.online\/index.php?rest_route=%2Fwp%2Fv2%2Fmedia&parent=72474"}],"wp:term":[{"taxonomy":"category","embeddable":true,"href":"https:\/\/informativoelvalledeaguascalientes.online\/index.php?rest_route=%2Fwp%2Fv2%2Fcategories&post=72474"},{"taxonomy":"post_tag","embeddable":true,"href":"https:\/\/informativoelvalledeaguascalientes.online\/index.php?rest_route=%2Fwp%2Fv2%2Ftags&post=72474"}],"curies":[{"name":"wp","href":"https:\/\/api.w.org\/{rel}","templated":true}]}}