{"id":72468,"date":"2025-06-20T21:44:52","date_gmt":"2025-06-21T03:44:52","guid":{"rendered":"https:\/\/informativoelvalledeaguascalientes.online\/?p=72468"},"modified":"2025-06-20T21:44:52","modified_gmt":"2025-06-21T03:44:52","slug":"impulsan-aguascalientes-y-panama-alianza-para-fortalecer-el-intercambio-academico-exportaciones-y-desarrollo-economico","status":"publish","type":"post","link":"https:\/\/informativoelvalledeaguascalientes.online\/?p=72468","title":{"rendered":"IMPULSAN AGUASCALIENTES Y PANAM\u00c1 ALIANZA PARA FORTALECER EL INTERCAMBIO ACAD\u00c9MICO, EXPORTACIONES Y DESARROLLO ECON\u00d3MICO"},"content":{"rendered":"<p class=\"p1\">#informativoelvalledeaguascalientes<span class=\"Apple-converted-space\">\u00a0 <\/span>#novaradioaguascalientes #informativoelvalledeaguascalientesll #Aguascalientes<\/p>\n<p>&nbsp;<\/p>\n<p>&nbsp;<\/p>\n<p>La gobernadora de Aguascalientes, Tere Jim\u00e9nez, recibi\u00f3 en Palacio de Gobierno al embajador de Panam\u00e1 en M\u00e9xico, Abraham Mart\u00ednez Montilla, con quien acord\u00f3 trabajar para impulsar el intercambio acad\u00e9mico, agropecuario y sobre todo econ\u00f3mico, por ser este pa\u00eds latinoamericano un punto clave en el comercio mundial.<\/p>\n<p>\u201cVamos a fortalecer el hermanamiento entre Panam\u00e1 y Aguascalientes en beneficio de nuestra gente; tenemos varias cosas en com\u00fan que vamos a aprovechar para bien del desarrollo econ\u00f3mico y social de nuestro estado. Tenemos que seguir fortaleciendo a nuestro Continente Americano y siempre vamos a tener aliados, hermanos para acompa\u00f1arnos e ir creciendo juntos\u201d, sostuvo Tere Jim\u00e9nez.<\/p>\n<p>Reconoci\u00f3 el importante papel que juega Panam\u00e1 como una plataforma estrat\u00e9gica para las exportaciones, por lo que expres\u00f3 su inter\u00e9s de afianzar los lazos entre Aguascalientes y ese pa\u00eds para que los productos locales lleguen a todo el mundo, as\u00ed como para desarrollar proyectos en otros sectores clave para el estado, como el agropecuario, agroindustrial y de energ\u00edas renovables.<\/p>\n<p>Mart\u00ednez Montilla agradeci\u00f3 la anfitrion\u00eda de la gobernadora Tere Jim\u00e9nez y expres\u00f3 su disposici\u00f3n de colaborar y fortalecer lazos; extern\u00f3 su inter\u00e9s de establecer algunos convenios de colaboraci\u00f3n con universidades tecnol\u00f3gicas del estado para promover intercambios estudiantiles que permitan reforzar la preparaci\u00f3n de las y los estudiantes de Aguascalientes.<\/p>\n<p>\u201cMuchas gracias, gobernadora, usted es un testimonio de que estamos con la gente buena de Aguascalientes; la gente de Aguascalientes es gente trabajadora, que va hacia adelante; le hacemos la invitaci\u00f3n para que integremos comercialmente a nuestros pueblos, que los integremos culturalmente\u201d, sostuvo.<\/p>\n<p>Por \u00faltimo, invit\u00f3 a los empresarios de Aguascalientes a que volteen a ver a Panam\u00e1: \u201cTenemos grandes oportunidades, tenemos un hub log\u00edstico, somos parte del Mercosur y tenemos la posibilidad de facilitarles nuestra plataforma de exportaci\u00f3n e importaci\u00f3n para el crecimiento de sus mercados\u201d, concluy\u00f3 el diplom\u00e1tico.<\/p>\n<p>Durante el encuentro tambi\u00e9n estuvieron presentes el senador Juan Antonio Mart\u00edn del Campo; el subsecretario de Inversi\u00f3n y Desarrollo de la Secretar\u00eda de Desarrollo Econ\u00f3mico, Ciencia y Tecnolog\u00eda del Estado de Aguascalientes, Jorge Armando Andrade Seraf\u00edn; Karen Viviana Concepci\u00f3n Guerra, agregada de Asuntos Culturales de la Embajada de Jap\u00f3n en M\u00e9xico; Gerardo Lozano, enlace con la Embajada de Panam\u00e1; y David Morf\u00edn, segundo enlace con la Embajada de Panam\u00e1.<\/p>\n","protected":false},"excerpt":{"rendered":"<p>#informativoelvalledeaguascalientes\u00a0 #novaradioaguascalientes #informativoelvalledeaguascalientesll #Aguascalientes &nbsp; &nbsp; La gobernadora de Aguascalientes, Tere Jim\u00e9nez, recibi\u00f3 en Palacio de Gobierno al embajador de Panam\u00e1 en M\u00e9xico, Abraham Mart\u00ednez Montilla, con quien acord\u00f3 trabajar para impulsar el intercambio acad\u00e9mico, agropecuario y sobre todo econ\u00f3mico, por ser este pa\u00eds latinoamericano un punto clave en el comercio mundial. \u201cVamos a fortalecer [&hellip;]<\/p>\n","protected":false},"author":1,"featured_media":72469,"comment_status":"closed","ping_status":"open","sticky":false,"template":"","format":"standard","meta":{"advanced_seo_description":"","jetpack_seo_html_title":"","jetpack_seo_noindex":false,"_jetpack_memberships_contains_paid_content":false,"footnotes":"","jetpack_publicize_message":"","jetpack_publicize_feature_enabled":true,"jetpack_social_post_already_shared":true,"jetpack_social_options":{"image_generator_settings":{"template":"highway","default_image_id":0,"font":"","enabled":false},"version":2}},"categories":[21,4],"tags":[22,615,320],"class_list":["post-72468","post","type-post","status-publish","format-standard","has-post-thumbnail","hentry","category-aguascalientes","category-gobierno-del-estado-aguascalientes","tag-aguascalientes","tag-gobierno-del-estado-de-aguascalientes","tag-tere-jimenez"],"jetpack_publicize_connections":[],"jetpack_featured_media_url":"https:\/\/i0.wp.com\/informativoelvalledeaguascalientes.online\/wp-content\/uploads\/2025\/06\/429f6eed-0fe6-40de-9f21-8e66a3c365de.jpeg?fit=1463%2C1049&ssl=1","jetpack-related-posts":[],"jetpack_sharing_enabled":true,"jetpack_likes_enabled":true,"_links":{"self":[{"href":"https:\/\/informativoelvalledeaguascalientes.online\/index.php?rest_route=\/wp\/v2\/posts\/72468","targetHints":{"allow":["GET"]}}],"collection":[{"href":"https:\/\/informativoelvalledeaguascalientes.online\/index.php?rest_route=\/wp\/v2\/posts"}],"about":[{"href":"https:\/\/informativoelvalledeaguascalientes.online\/index.php?rest_route=\/wp\/v2\/types\/post"}],"author":[{"embeddable":true,"href":"https:\/\/informativoelvalledeaguascalientes.online\/index.php?rest_route=\/wp\/v2\/users\/1"}],"replies":[{"embeddable":true,"href":"https:\/\/informativoelvalledeaguascalientes.online\/index.php?rest_route=%2Fwp%2Fv2%2Fcomments&post=72468"}],"version-history":[{"count":1,"href":"https:\/\/informativoelvalledeaguascalientes.online\/index.php?rest_route=\/wp\/v2\/posts\/72468\/revisions"}],"predecessor-version":[{"id":72470,"href":"https:\/\/informativoelvalledeaguascalientes.online\/index.php?rest_route=\/wp\/v2\/posts\/72468\/revisions\/72470"}],"wp:featuredmedia":[{"embeddable":true,"href":"https:\/\/informativoelvalledeaguascalientes.online\/index.php?rest_route=\/wp\/v2\/media\/72469"}],"wp:attachment":[{"href":"https:\/\/informativoelvalledeaguascalientes.online\/index.php?rest_route=%2Fwp%2Fv2%2Fmedia&parent=72468"}],"wp:term":[{"taxonomy":"category","embeddable":true,"href":"https:\/\/informativoelvalledeaguascalientes.online\/index.php?rest_route=%2Fwp%2Fv2%2Fcategories&post=72468"},{"taxonomy":"post_tag","embeddable":true,"href":"https:\/\/informativoelvalledeaguascalientes.online\/index.php?rest_route=%2Fwp%2Fv2%2Ftags&post=72468"}],"curies":[{"name":"wp","href":"https:\/\/api.w.org\/{rel}","templated":true}]}}