{"id":72409,"date":"2025-06-19T20:46:18","date_gmt":"2025-06-20T02:46:18","guid":{"rendered":"https:\/\/informativoelvalledeaguascalientes.online\/?p=72409"},"modified":"2025-06-19T20:46:18","modified_gmt":"2025-06-20T02:46:18","slug":"empresas-hecho-en-aguascalientes-podran-ofrecer-sus-productos-en-grandes-cadenas-comerciales","status":"publish","type":"post","link":"https:\/\/informativoelvalledeaguascalientes.online\/?p=72409","title":{"rendered":"EMPRESAS \u201cHECHO EN AGUASCALIENTES\u201d PODR\u00c1N OFRECER SUS PRODUCTOS EN GRANDES CADENAS COMERCIALES"},"content":{"rendered":"<p class=\"p1\">#informativoelvalledeaguascalientes<span class=\"Apple-converted-space\">\u00a0 <\/span>#novaradioaguascalientes #informativoelvalledeaguascalientesll #Aguascalientes<\/p>\n<p>&nbsp;<\/p>\n<p>&nbsp;<\/p>\n<ul class=\"PFjnR PuKmT\">\n<li class=\"_0x2oV\" dir=\"auto\" aria-level=\"1\">\n<p id=\"viewer-3tqmk129\" class=\"EY0Xg W2aKK -oSrG YjabP\" dir=\"\"><span class=\"_1Kc57 -oSrG\"><strong><em>Invitan a empresas locales a participar en el foro \u201cF\u00e1brica de Negocio 2025\u201d, en Ciudad de M\u00e9xico, los d\u00edas 24 y 25 de junio<\/em><\/strong><\/span><\/p>\n<\/li>\n<li class=\"_0x2oV\" dir=\"auto\" aria-level=\"1\">\n<p id=\"viewer-gtfpb132\" class=\"EY0Xg W2aKK -oSrG YjabP\" dir=\"\"><span class=\"_1Kc57 -oSrG\"><strong><em>Sostendr\u00e1n citas de negocio con compradores de m\u00e1s de 40 tiendas de conveniencia con presencia a nivel nacional: Esa\u00fa Garza de Vega<\/em><\/strong><\/span><\/p>\n<\/li>\n<li class=\"_0x2oV\" dir=\"auto\" aria-level=\"1\">\n<p id=\"viewer-58dec135\" class=\"EY0Xg W2aKK -oSrG YjabP\" dir=\"\"><span class=\"_1Kc57 -oSrG\"><strong><em>Para mayores informes, pueden comunicarse al 449 910 26 11, extensi\u00f3n 5908<\/em><\/strong><\/span><\/p>\n<\/li>\n<\/ul>\n<div id=\"viewer-df9kf137\" class=\"EY0Xg W2aKK PuKmT YjabP\" dir=\"auto\"><span class=\"_1Kc57\">\u00a0<\/span><\/div>\n<p id=\"viewer-5tf2q138\" class=\"EY0Xg W2aKK -oSrG YjabP\" dir=\"auto\"><span class=\"_1Kc57 -oSrG\">El Gobierno del Estado invita a las empresas afiliadas al distintivo \u201cHecho en Aguascalientes\u201d a participar en el foro \u201cF\u00e1brica de Negocio 2025\u201d, donde tendr\u00e1n la oportunidad de abrir nuevos canales de comercializaci\u00f3n. El evento se llevar\u00e1 a cabo los d\u00edas 24 y 25 de junio en la Ciudad de M\u00e9xico.<\/span><\/p>\n<div id=\"viewer-u7uyo140\" class=\"EY0Xg W2aKK PuKmT YjabP\" dir=\"auto\"><span class=\"_1Kc57\">\u00a0<\/span><\/div>\n<p id=\"viewer-dn9rw141\" class=\"EY0Xg W2aKK -oSrG YjabP\" dir=\"auto\"><span class=\"_1Kc57 -oSrG\">Al respecto, el secretario de Desarrollo Econ\u00f3mico, Ciencia y Tecnolog\u00eda (Sedecyt), Esa\u00fa Garza de Vega, resalt\u00f3 la importancia de este evento, organizado por GS1 M\u00e9xico, en el cual las empresas locales podr\u00e1n sostener citas de negocio con compradores de m\u00e1s de 40 tiendas de conveniencia con presencia a nivel nacional, como Chedraui, H-E-B, La Comer, Sears, 7-Eleven y Walmart, entre otras.<\/span><\/p>\n<div id=\"viewer-bx1bn143\" class=\"EY0Xg W2aKK PuKmT YjabP\" dir=\"auto\"><span class=\"_1Kc57\">\u00a0<\/span><\/div>\n<p id=\"viewer-6ao03144\" class=\"EY0Xg W2aKK -oSrG YjabP\" dir=\"auto\"><span class=\"_1Kc57 -oSrG\">\u201cLa gobernadora Tere Jim\u00e9nez nos ha pedido que exploremos todas las posibilidades que ayuden a las empresas de Aguascalientes a encontrar nuevos mercados y consolidar alianzas estrat\u00e9gicas que nos permitan llevar el talento y la calidad de los productos hidroc\u00e1lidos a todos los rincones de nuestro pa\u00eds\u201d, puntualiz\u00f3 el titular de la Sedecyt.<\/span><\/p>\n<div id=\"viewer-hfsp5146\" class=\"EY0Xg W2aKK PuKmT YjabP\" dir=\"auto\"><span class=\"_1Kc57\">\u00a0<\/span><\/div>\n<p id=\"viewer-8j21p147\" class=\"EY0Xg W2aKK -oSrG YjabP\" dir=\"auto\"><span class=\"_1Kc57 -oSrG\">Finalmente, el funcionario estatal coment\u00f3 que podr\u00e1n participar empresas de los sectores agroalimentario, textil, salud y belleza, limpieza, mascotas, deportes y decoraci\u00f3n, entre otros, que ya cuenten con c\u00f3digos de barras para sus productos.<\/span><\/p>\n<div id=\"viewer-azcbl149\" class=\"EY0Xg W2aKK PuKmT YjabP\" dir=\"auto\"><span class=\"_1Kc57\">\u00a0<\/span><\/div>\n<p id=\"viewer-6tbja150\" class=\"EY0Xg W2aKK -oSrG YjabP\" dir=\"auto\"><span class=\"_1Kc57 -oSrG\">Para mayores informes, las y los interesados pueden comunicarse al tel\u00e9fono 449 910 26 11, extensi\u00f3n 5908, o al correo <a class=\"XSxHY gMMfB\" href=\"mailto:carolina.silva@aguascalientes.gob.mx\" target=\"_blank\" rel=\"noopener noreferrer\" data-hook=\"web-link\"><u>carolina.silva@aguascalientes.gob.mx<\/u><\/a>.<\/span><\/p>\n<div id=\"viewer-ps0jp154\" class=\"EY0Xg W2aKK PuKmT YjabP\" dir=\"auto\"><span class=\"_1Kc57\">\u00a0<\/span><\/div>\n<div id=\"viewer-p2p2u155\" class=\"EY0Xg W2aKK PuKmT YjabP\" dir=\"auto\"><\/div>\n","protected":false},"excerpt":{"rendered":"<p>#informativoelvalledeaguascalientes\u00a0 #novaradioaguascalientes #informativoelvalledeaguascalientesll #Aguascalientes &nbsp; &nbsp; Invitan a empresas locales a participar en el foro \u201cF\u00e1brica de Negocio 2025\u201d, en Ciudad de M\u00e9xico, los d\u00edas 24 y 25 de junio Sostendr\u00e1n citas de negocio con compradores de m\u00e1s de 40 tiendas de conveniencia con presencia a nivel nacional: Esa\u00fa Garza de Vega Para mayores informes, [&hellip;]<\/p>\n","protected":false},"author":1,"featured_media":72410,"comment_status":"closed","ping_status":"open","sticky":false,"template":"","format":"standard","meta":{"advanced_seo_description":"","jetpack_seo_html_title":"","jetpack_seo_noindex":false,"_jetpack_memberships_contains_paid_content":false,"footnotes":"","jetpack_publicize_message":"","jetpack_publicize_feature_enabled":true,"jetpack_social_post_already_shared":true,"jetpack_social_options":{"image_generator_settings":{"template":"highway","default_image_id":0,"font":"","enabled":false},"version":2}},"categories":[21,4],"tags":[22,615,610],"class_list":["post-72409","post","type-post","status-publish","format-standard","has-post-thumbnail","hentry","category-aguascalientes","category-gobierno-del-estado-aguascalientes","tag-aguascalientes","tag-gobierno-del-estado-de-aguascalientes","tag-sedecyt"],"jetpack_publicize_connections":[],"jetpack_featured_media_url":"https:\/\/i0.wp.com\/informativoelvalledeaguascalientes.online\/wp-content\/uploads\/2025\/06\/WhatsApp-Image-2025-06-06-at-2.40.32-PM.jpeg?fit=1600%2C898&ssl=1","jetpack-related-posts":[],"jetpack_sharing_enabled":true,"jetpack_likes_enabled":true,"_links":{"self":[{"href":"https:\/\/informativoelvalledeaguascalientes.online\/index.php?rest_route=\/wp\/v2\/posts\/72409","targetHints":{"allow":["GET"]}}],"collection":[{"href":"https:\/\/informativoelvalledeaguascalientes.online\/index.php?rest_route=\/wp\/v2\/posts"}],"about":[{"href":"https:\/\/informativoelvalledeaguascalientes.online\/index.php?rest_route=\/wp\/v2\/types\/post"}],"author":[{"embeddable":true,"href":"https:\/\/informativoelvalledeaguascalientes.online\/index.php?rest_route=\/wp\/v2\/users\/1"}],"replies":[{"embeddable":true,"href":"https:\/\/informativoelvalledeaguascalientes.online\/index.php?rest_route=%2Fwp%2Fv2%2Fcomments&post=72409"}],"version-history":[{"count":1,"href":"https:\/\/informativoelvalledeaguascalientes.online\/index.php?rest_route=\/wp\/v2\/posts\/72409\/revisions"}],"predecessor-version":[{"id":72411,"href":"https:\/\/informativoelvalledeaguascalientes.online\/index.php?rest_route=\/wp\/v2\/posts\/72409\/revisions\/72411"}],"wp:featuredmedia":[{"embeddable":true,"href":"https:\/\/informativoelvalledeaguascalientes.online\/index.php?rest_route=\/wp\/v2\/media\/72410"}],"wp:attachment":[{"href":"https:\/\/informativoelvalledeaguascalientes.online\/index.php?rest_route=%2Fwp%2Fv2%2Fmedia&parent=72409"}],"wp:term":[{"taxonomy":"category","embeddable":true,"href":"https:\/\/informativoelvalledeaguascalientes.online\/index.php?rest_route=%2Fwp%2Fv2%2Fcategories&post=72409"},{"taxonomy":"post_tag","embeddable":true,"href":"https:\/\/informativoelvalledeaguascalientes.online\/index.php?rest_route=%2Fwp%2Fv2%2Ftags&post=72409"}],"curies":[{"name":"wp","href":"https:\/\/api.w.org\/{rel}","templated":true}]}}