{"id":72403,"date":"2025-06-19T10:25:17","date_gmt":"2025-06-19T16:25:17","guid":{"rendered":"https:\/\/informativoelvalledeaguascalientes.online\/?p=72403"},"modified":"2025-06-19T10:25:17","modified_gmt":"2025-06-19T16:25:17","slug":"impartira-dif-municipal-ags-curso-de-braille-en-fomento-a-la-inclusion-de-personas-con-discapacidad-visual","status":"publish","type":"post","link":"https:\/\/informativoelvalledeaguascalientes.online\/?p=72403","title":{"rendered":"IMPARTIR\u00c1 DIF MUNICIPAL AGS. CURSO DE BRAILLE EN FOMENTO A LA INCLUSI\u00d3N DE PERSONAS CON DISCAPACIDAD VISUAL"},"content":{"rendered":"<p class=\"p1\">#informativoelvalledeaguascalientes<span class=\"Apple-converted-space\">\u00a0 <\/span>#novaradioaguascalientes #informativoelvalledeaguascalientesll #Aguascalientes<\/p>\n<p>&nbsp;<\/p>\n<p>&nbsp;<\/p>\n<ul>\n<li><strong>El curso se llevar\u00e1 a cabo martes y jueves a partir del 24 de junio y hasta el 24 de julio, con 20 sesiones vespertinas de dos horas<\/strong><\/li>\n<\/ul>\n<p>&nbsp;<\/p>\n<p>Con el prop\u00f3sito de impulsar acciones a favor de la inclusi\u00f3n, el DIF Municipal de Aguascalientes invita a la ciudadan\u00eda a participar en el pr\u00f3ximo\u00a0Curso de Braille, dirigido a todas las personas interesadas en aprender este sistema de lectura y escritura utilizado por personas con discapacidad visual.<\/p>\n<p>El curso se llevar\u00e1 a cabo dos veces por semana, martes y jueves, comienza el 24 de junio y finaliza el 24 de julio. Consta de 20 sesiones vespertinas, que se realizar\u00e1n de 16:00 a 18:00 horas en el Aula Incluyente del DIF Municipal en Av. Guadalupe Gonz\u00e1lez s\/n, casi esquina con Av. Universidad, Col. Primo Verdad, con un costo de recuperaci\u00f3n de $52 pesos.<\/p>\n<p>Para el registro, se solicita a las y los interesados presentar copias de los siguientes documentos:<\/p>\n<ul>\n<li>INE<\/li>\n<li>Comprobante de domicilio<\/li>\n<li>CURP<\/li>\n<\/ul>\n<p>Con esta actividad, el DIF Municipal reafirma su compromiso con la construcci\u00f3n de una sociedad m\u00e1s emp\u00e1tica, accesible y solidaria.<\/p>\n","protected":false},"excerpt":{"rendered":"<p>#informativoelvalledeaguascalientes\u00a0 #novaradioaguascalientes #informativoelvalledeaguascalientesll #Aguascalientes &nbsp; &nbsp; El curso se llevar\u00e1 a cabo martes y jueves a partir del 24 de junio y hasta el 24 de julio, con 20 sesiones vespertinas de dos horas &nbsp; Con el prop\u00f3sito de impulsar acciones a favor de la inclusi\u00f3n, el DIF Municipal de Aguascalientes invita a la ciudadan\u00eda [&hellip;]<\/p>\n","protected":false},"author":1,"featured_media":72404,"comment_status":"closed","ping_status":"open","sticky":false,"template":"","format":"standard","meta":{"advanced_seo_description":"","jetpack_seo_html_title":"","jetpack_seo_noindex":false,"_jetpack_memberships_contains_paid_content":false,"footnotes":"","jetpack_publicize_message":"","jetpack_publicize_feature_enabled":true,"jetpack_social_post_already_shared":true,"jetpack_social_options":{"image_generator_settings":{"template":"highway","default_image_id":0,"font":"","enabled":false},"version":2}},"categories":[21,3],"tags":[22,25,72],"class_list":["post-72403","post","type-post","status-publish","format-standard","has-post-thumbnail","hentry","category-aguascalientes","category-municipio-aguascalientes","tag-aguascalientes","tag-mpio-aguascalientes","tag-mpio-aguascalientes-dif"],"jetpack_publicize_connections":[],"jetpack_featured_media_url":"https:\/\/i0.wp.com\/informativoelvalledeaguascalientes.online\/wp-content\/uploads\/2025\/06\/e67de902-22aa-48d4-af96-7d4e828a3407.jpeg?fit=1280%2C1600&ssl=1","jetpack-related-posts":[],"jetpack_sharing_enabled":true,"jetpack_likes_enabled":true,"_links":{"self":[{"href":"https:\/\/informativoelvalledeaguascalientes.online\/index.php?rest_route=\/wp\/v2\/posts\/72403","targetHints":{"allow":["GET"]}}],"collection":[{"href":"https:\/\/informativoelvalledeaguascalientes.online\/index.php?rest_route=\/wp\/v2\/posts"}],"about":[{"href":"https:\/\/informativoelvalledeaguascalientes.online\/index.php?rest_route=\/wp\/v2\/types\/post"}],"author":[{"embeddable":true,"href":"https:\/\/informativoelvalledeaguascalientes.online\/index.php?rest_route=\/wp\/v2\/users\/1"}],"replies":[{"embeddable":true,"href":"https:\/\/informativoelvalledeaguascalientes.online\/index.php?rest_route=%2Fwp%2Fv2%2Fcomments&post=72403"}],"version-history":[{"count":1,"href":"https:\/\/informativoelvalledeaguascalientes.online\/index.php?rest_route=\/wp\/v2\/posts\/72403\/revisions"}],"predecessor-version":[{"id":72405,"href":"https:\/\/informativoelvalledeaguascalientes.online\/index.php?rest_route=\/wp\/v2\/posts\/72403\/revisions\/72405"}],"wp:featuredmedia":[{"embeddable":true,"href":"https:\/\/informativoelvalledeaguascalientes.online\/index.php?rest_route=\/wp\/v2\/media\/72404"}],"wp:attachment":[{"href":"https:\/\/informativoelvalledeaguascalientes.online\/index.php?rest_route=%2Fwp%2Fv2%2Fmedia&parent=72403"}],"wp:term":[{"taxonomy":"category","embeddable":true,"href":"https:\/\/informativoelvalledeaguascalientes.online\/index.php?rest_route=%2Fwp%2Fv2%2Fcategories&post=72403"},{"taxonomy":"post_tag","embeddable":true,"href":"https:\/\/informativoelvalledeaguascalientes.online\/index.php?rest_route=%2Fwp%2Fv2%2Ftags&post=72403"}],"curies":[{"name":"wp","href":"https:\/\/api.w.org\/{rel}","templated":true}]}}