{"id":72385,"date":"2025-06-19T01:14:42","date_gmt":"2025-06-19T07:14:42","guid":{"rendered":"https:\/\/informativoelvalledeaguascalientes.online\/?p=72385"},"modified":"2025-06-19T01:14:42","modified_gmt":"2025-06-19T07:14:42","slug":"rehabilita-municipio-ags-finca-historica-en-el-barrio-del-encino","status":"publish","type":"post","link":"https:\/\/informativoelvalledeaguascalientes.online\/?p=72385","title":{"rendered":"REHABILITA MUNICIPIO AGS. FINCA HIST\u00d3RICA EN EL BARRIO DEL ENCINO"},"content":{"rendered":"<p class=\"p1\">#informativoelvalledeaguascalientes<span class=\"Apple-converted-space\">\u00a0 <\/span>#novaradioaguascalientes #informativoelvalledeaguascalientesll #Aguascalientes<\/p>\n<p>&nbsp;<\/p>\n<p>&nbsp;<\/p>\n<p>El presidente municipal,\u00a0<strong>Leo Monta\u00f1ez<\/strong>\u00a0acudi\u00f3 al Barrio del Encino, para llevar a cabo la entrega de la rehabilitaci\u00f3n de una finca hist\u00f3rica ubicada en la calle D\u00edaz de Le\u00f3n esquina con calle Del Sol, como parte del programa Rescatando Nuestra Arquitectura.<\/p>\n<p>&nbsp;<\/p>\n<p>Personal capacitado de la Direcci\u00f3n de Conservaci\u00f3n y Mantenimiento de Obra de la Secretar\u00eda de Obras P\u00fablicas Municipales (SOPMA), llev\u00f3 a cabo los trabajos de rehabilitaci\u00f3n en esta finca que data de finales del Siglo XVIII, la cual presentaba da\u00f1os en la fachada derivado de la presencia de flora par\u00e1sita.<\/p>\n<p>&nbsp;<\/p>\n<p><strong>Miguel \u00c1ngel Huizar Botello<\/strong>, titular de SOPMA, detall\u00f3 que este programa tiene por objetivo preservar estos espacios para honrar nuestras ra\u00edces y la identidad hist\u00f3rica de Aguascalientes, gracias al acompa\u00f1amiento y asesoramiento del Instituto Nacional de Antropolog\u00eda e Historia (INAH) Centro Aguascalientes.<\/p>\n<p>&nbsp;<\/p>\n<p>Durante esta supervisi\u00f3n de entrega de obra acompa\u00f1aron al presidente municipal la diputada local,\u00a0<strong>Arlette Mu\u00f1oz<\/strong>, el delegado de la zona Centro Oriente,\u00a0<strong>Jes\u00fas Ortiz<\/strong>\u00a0y delegado del INAH,\u00a0<strong>Christian Medina L\u00f3pez Velarde<\/strong>.<\/p>\n","protected":false},"excerpt":{"rendered":"<p>#informativoelvalledeaguascalientes\u00a0 #novaradioaguascalientes #informativoelvalledeaguascalientesll #Aguascalientes &nbsp; &nbsp; El presidente municipal,\u00a0Leo Monta\u00f1ez\u00a0acudi\u00f3 al Barrio del Encino, para llevar a cabo la entrega de la rehabilitaci\u00f3n de una finca hist\u00f3rica ubicada en la calle D\u00edaz de Le\u00f3n esquina con calle Del Sol, como parte del programa Rescatando Nuestra Arquitectura. &nbsp; Personal capacitado de la Direcci\u00f3n de Conservaci\u00f3n y [&hellip;]<\/p>\n","protected":false},"author":1,"featured_media":72386,"comment_status":"closed","ping_status":"open","sticky":false,"template":"","format":"standard","meta":{"advanced_seo_description":"","jetpack_seo_html_title":"","jetpack_seo_noindex":false,"_jetpack_memberships_contains_paid_content":false,"footnotes":"","jetpack_publicize_message":"","jetpack_publicize_feature_enabled":true,"jetpack_social_post_already_shared":true,"jetpack_social_options":{"image_generator_settings":{"template":"highway","default_image_id":0,"font":"","enabled":false},"version":2}},"categories":[21,4],"tags":[22,25,133],"class_list":["post-72385","post","type-post","status-publish","format-standard","has-post-thumbnail","hentry","category-aguascalientes","category-gobierno-del-estado-aguascalientes","tag-aguascalientes","tag-mpio-aguascalientes","tag-mpio-aguascalientes-sopma"],"jetpack_publicize_connections":[],"jetpack_featured_media_url":"https:\/\/i0.wp.com\/informativoelvalledeaguascalientes.online\/wp-content\/uploads\/2025\/06\/MGL5706-scaled-1.jpg?fit=2560%2C1707&ssl=1","jetpack-related-posts":[],"jetpack_sharing_enabled":true,"jetpack_likes_enabled":true,"_links":{"self":[{"href":"https:\/\/informativoelvalledeaguascalientes.online\/index.php?rest_route=\/wp\/v2\/posts\/72385","targetHints":{"allow":["GET"]}}],"collection":[{"href":"https:\/\/informativoelvalledeaguascalientes.online\/index.php?rest_route=\/wp\/v2\/posts"}],"about":[{"href":"https:\/\/informativoelvalledeaguascalientes.online\/index.php?rest_route=\/wp\/v2\/types\/post"}],"author":[{"embeddable":true,"href":"https:\/\/informativoelvalledeaguascalientes.online\/index.php?rest_route=\/wp\/v2\/users\/1"}],"replies":[{"embeddable":true,"href":"https:\/\/informativoelvalledeaguascalientes.online\/index.php?rest_route=%2Fwp%2Fv2%2Fcomments&post=72385"}],"version-history":[{"count":1,"href":"https:\/\/informativoelvalledeaguascalientes.online\/index.php?rest_route=\/wp\/v2\/posts\/72385\/revisions"}],"predecessor-version":[{"id":72387,"href":"https:\/\/informativoelvalledeaguascalientes.online\/index.php?rest_route=\/wp\/v2\/posts\/72385\/revisions\/72387"}],"wp:featuredmedia":[{"embeddable":true,"href":"https:\/\/informativoelvalledeaguascalientes.online\/index.php?rest_route=\/wp\/v2\/media\/72386"}],"wp:attachment":[{"href":"https:\/\/informativoelvalledeaguascalientes.online\/index.php?rest_route=%2Fwp%2Fv2%2Fmedia&parent=72385"}],"wp:term":[{"taxonomy":"category","embeddable":true,"href":"https:\/\/informativoelvalledeaguascalientes.online\/index.php?rest_route=%2Fwp%2Fv2%2Fcategories&post=72385"},{"taxonomy":"post_tag","embeddable":true,"href":"https:\/\/informativoelvalledeaguascalientes.online\/index.php?rest_route=%2Fwp%2Fv2%2Ftags&post=72385"}],"curies":[{"name":"wp","href":"https:\/\/api.w.org\/{rel}","templated":true}]}}