{"id":72382,"date":"2025-06-19T01:11:46","date_gmt":"2025-06-19T07:11:46","guid":{"rendered":"https:\/\/informativoelvalledeaguascalientes.online\/?p=72382"},"modified":"2025-06-19T01:11:46","modified_gmt":"2025-06-19T07:11:46","slug":"arranca-rehabilitacion-de-la-calle-prol-san-miguel-en-la-colonia-el-llanito","status":"publish","type":"post","link":"https:\/\/informativoelvalledeaguascalientes.online\/?p=72382","title":{"rendered":"ARRANCA REHABILITACI\u00d3N DE LA CALLE PROL. SAN MIGUEL EN LA COLONIA EL LLANITO"},"content":{"rendered":"<p class=\"p1\">#informativoelvalledeaguascalientes<span class=\"Apple-converted-space\">\u00a0 <\/span>#novaradioaguascalientes #informativoelvalledeaguascalientesll #Aguascalientes<\/p>\n<p>&nbsp;<\/p>\n<p>&nbsp;<\/p>\n<p>El presidente municipal,\u00a0<strong>Leo Monta\u00f1ez<\/strong>\u00a0supervis\u00f3 el arranque de obra de la calle Prolongaci\u00f3n San Miguel, en la colonia El Llanito, entre San Miguel y la Soledad, donde se colocar\u00e1 mil 300 metros cuadrados de superficie de nueva sobrecarpeta asf\u00e1ltica de cuatro cent\u00edmetros de espesor.<\/p>\n<p>&nbsp;<\/p>\n<p>Como parte de las obras complementarias, se contempla la renivelaci\u00f3n de pozos de visita, construcci\u00f3n de guarniciones, rampas, banquetas y aplicaci\u00f3n de pintura, entre otras acciones; estas mejoras permitir\u00e1n ofrecer a los vecinos una vialidad m\u00e1s segura y funcional, destac\u00f3\u00a0<strong>Miguel \u00c1ngel Huizar Botello<\/strong>, titular de la Secretar\u00eda de Obras P\u00fablicas Municipales.<\/p>\n<p>&nbsp;<\/p>\n<p>Al respecto, la diputada local\u00a0<strong>Arlette Ivette Mu\u00f1oz Cervantes<\/strong>\u00a0y el delegado Centro Oriente,\u00a0<strong>Jes\u00fas Ortiz<\/strong>, coincidieron en que con estos trabajos se atiende una de las solicitudes m\u00e1s recurrentes de los vecinos de esta zona de la ciudad.<\/p>\n","protected":false},"excerpt":{"rendered":"<p>#informativoelvalledeaguascalientes\u00a0 #novaradioaguascalientes #informativoelvalledeaguascalientesll #Aguascalientes &nbsp; &nbsp; El presidente municipal,\u00a0Leo Monta\u00f1ez\u00a0supervis\u00f3 el arranque de obra de la calle Prolongaci\u00f3n San Miguel, en la colonia El Llanito, entre San Miguel y la Soledad, donde se colocar\u00e1 mil 300 metros cuadrados de superficie de nueva sobrecarpeta asf\u00e1ltica de cuatro cent\u00edmetros de espesor. &nbsp; Como parte de las obras [&hellip;]<\/p>\n","protected":false},"author":1,"featured_media":72383,"comment_status":"closed","ping_status":"open","sticky":false,"template":"","format":"standard","meta":{"advanced_seo_description":"","jetpack_seo_html_title":"","jetpack_seo_noindex":false,"_jetpack_memberships_contains_paid_content":false,"footnotes":"","jetpack_publicize_message":"","jetpack_publicize_feature_enabled":true,"jetpack_social_post_already_shared":true,"jetpack_social_options":{"image_generator_settings":{"template":"highway","default_image_id":0,"font":"","enabled":false},"version":2}},"categories":[21,3],"tags":[22,25,133],"class_list":["post-72382","post","type-post","status-publish","format-standard","has-post-thumbnail","hentry","category-aguascalientes","category-municipio-aguascalientes","tag-aguascalientes","tag-mpio-aguascalientes","tag-mpio-aguascalientes-sopma"],"jetpack_publicize_connections":[],"jetpack_featured_media_url":"https:\/\/i0.wp.com\/informativoelvalledeaguascalientes.online\/wp-content\/uploads\/2025\/06\/MGL5541-scaled-1.jpg?fit=2560%2C1707&ssl=1","jetpack-related-posts":[],"jetpack_sharing_enabled":true,"jetpack_likes_enabled":true,"_links":{"self":[{"href":"https:\/\/informativoelvalledeaguascalientes.online\/index.php?rest_route=\/wp\/v2\/posts\/72382","targetHints":{"allow":["GET"]}}],"collection":[{"href":"https:\/\/informativoelvalledeaguascalientes.online\/index.php?rest_route=\/wp\/v2\/posts"}],"about":[{"href":"https:\/\/informativoelvalledeaguascalientes.online\/index.php?rest_route=\/wp\/v2\/types\/post"}],"author":[{"embeddable":true,"href":"https:\/\/informativoelvalledeaguascalientes.online\/index.php?rest_route=\/wp\/v2\/users\/1"}],"replies":[{"embeddable":true,"href":"https:\/\/informativoelvalledeaguascalientes.online\/index.php?rest_route=%2Fwp%2Fv2%2Fcomments&post=72382"}],"version-history":[{"count":1,"href":"https:\/\/informativoelvalledeaguascalientes.online\/index.php?rest_route=\/wp\/v2\/posts\/72382\/revisions"}],"predecessor-version":[{"id":72384,"href":"https:\/\/informativoelvalledeaguascalientes.online\/index.php?rest_route=\/wp\/v2\/posts\/72382\/revisions\/72384"}],"wp:featuredmedia":[{"embeddable":true,"href":"https:\/\/informativoelvalledeaguascalientes.online\/index.php?rest_route=\/wp\/v2\/media\/72383"}],"wp:attachment":[{"href":"https:\/\/informativoelvalledeaguascalientes.online\/index.php?rest_route=%2Fwp%2Fv2%2Fmedia&parent=72382"}],"wp:term":[{"taxonomy":"category","embeddable":true,"href":"https:\/\/informativoelvalledeaguascalientes.online\/index.php?rest_route=%2Fwp%2Fv2%2Fcategories&post=72382"},{"taxonomy":"post_tag","embeddable":true,"href":"https:\/\/informativoelvalledeaguascalientes.online\/index.php?rest_route=%2Fwp%2Fv2%2Ftags&post=72382"}],"curies":[{"name":"wp","href":"https:\/\/api.w.org\/{rel}","templated":true}]}}