{"id":72379,"date":"2025-06-19T01:07:37","date_gmt":"2025-06-19T07:07:37","guid":{"rendered":"https:\/\/informativoelvalledeaguascalientes.online\/?p=72379"},"modified":"2025-06-19T01:07:37","modified_gmt":"2025-06-19T07:07:37","slug":"arranca-la-paralimpiada-en-la-copa-aguascalientes-con-la-participacion-de-400-atletas-infantiles","status":"publish","type":"post","link":"https:\/\/informativoelvalledeaguascalientes.online\/?p=72379","title":{"rendered":"ARRANCA LA PARALIMPIADA EN LA COPA AGUASCALIENTES CON LA PARTICIPACI\u00d3N DE 400 ATLETAS INFANTILES"},"content":{"rendered":"<p class=\"p1\">#informativoelvalledeaguascalientes<span class=\"Apple-converted-space\">\u00a0 <\/span>#novaradioaguascalientes #informativoelvalledeaguascalientesll #Aguascalientes<\/p>\n<p>&nbsp;<\/p>\n<p>&nbsp;<\/p>\n<p>Este mi\u00e9rcoles comenzaron las actividades de la Paralimpiada dentro de la Copa Aguascalientes, un evento que celebra el deporte, la inclusi\u00f3n y la superaci\u00f3n.<\/p>\n<p>En esta edici\u00f3n participan 400 ni\u00f1as y ni\u00f1os con discapacidad motriz e intelectual provenientes de todos los municipios del estado. Son alumnos de los Centros de Atenci\u00f3n M\u00faltiple (CAM) y cuentan con el respaldo del Instituto del Deporte (IDEA), el Instituto de Educaci\u00f3n (IEA) y el DIF Estatal.<\/p>\n<p>Las emocionantes competencias se llevan a cabo en dos sedes: el Gimnasio Norberto Mena del Deportivo Ferrocarrilero y la Pista Ol\u00edmpica del IDEA en Ciudad Deportiva, donde los peque\u00f1os atletas brillan en pruebas de atletismo adaptado.<\/p>\n<p>Lo mejor de todo es que la participaci\u00f3n es completamente gratuita: la Copa Aguascalientes cubre el transporte, uniformes y arbitraje, asegurando que todos los ni\u00f1os tengan las mismas oportunidades de vivir una experiencia deportiva inolvidable.<\/p>\n<p>Durante la inauguraci\u00f3n estuvieron presentes autoridades educativas y deportivas del estado, quienes celebraron este esfuerzo conjunto para seguir construyendo un Aguascalientes m\u00e1s incluyente.<\/p>\n<p>La Copa Aguascalientes demuestra que el deporte es para todas y todos, y sigue abriendo caminos para que cada ni\u00f1o y ni\u00f1a, pueda desarrollarse, competir y brillar.<\/p>\n","protected":false},"excerpt":{"rendered":"<p>#informativoelvalledeaguascalientes\u00a0 #novaradioaguascalientes #informativoelvalledeaguascalientesll #Aguascalientes &nbsp; &nbsp; Este mi\u00e9rcoles comenzaron las actividades de la Paralimpiada dentro de la Copa Aguascalientes, un evento que celebra el deporte, la inclusi\u00f3n y la superaci\u00f3n. En esta edici\u00f3n participan 400 ni\u00f1as y ni\u00f1os con discapacidad motriz e intelectual provenientes de todos los municipios del estado. Son alumnos de los Centros [&hellip;]<\/p>\n","protected":false},"author":1,"featured_media":72380,"comment_status":"closed","ping_status":"open","sticky":false,"template":"","format":"standard","meta":{"advanced_seo_description":"","jetpack_seo_html_title":"","jetpack_seo_noindex":false,"_jetpack_memberships_contains_paid_content":false,"footnotes":"","jetpack_publicize_message":"","jetpack_publicize_feature_enabled":true,"jetpack_social_post_already_shared":true,"jetpack_social_options":{"image_generator_settings":{"template":"highway","default_image_id":0,"font":"","enabled":false},"version":2}},"categories":[21,4],"tags":[22,615,113],"class_list":["post-72379","post","type-post","status-publish","format-standard","has-post-thumbnail","hentry","category-aguascalientes","category-gobierno-del-estado-aguascalientes","tag-aguascalientes","tag-gobierno-del-estado-de-aguascalientes","tag-idea"],"jetpack_publicize_connections":[],"jetpack_featured_media_url":"https:\/\/i0.wp.com\/informativoelvalledeaguascalientes.online\/wp-content\/uploads\/2025\/06\/e8d1f684-8580-4d3e-bfe9-9a785c078091.jpeg?fit=1600%2C1066&ssl=1","jetpack-related-posts":[],"jetpack_sharing_enabled":true,"jetpack_likes_enabled":true,"_links":{"self":[{"href":"https:\/\/informativoelvalledeaguascalientes.online\/index.php?rest_route=\/wp\/v2\/posts\/72379","targetHints":{"allow":["GET"]}}],"collection":[{"href":"https:\/\/informativoelvalledeaguascalientes.online\/index.php?rest_route=\/wp\/v2\/posts"}],"about":[{"href":"https:\/\/informativoelvalledeaguascalientes.online\/index.php?rest_route=\/wp\/v2\/types\/post"}],"author":[{"embeddable":true,"href":"https:\/\/informativoelvalledeaguascalientes.online\/index.php?rest_route=\/wp\/v2\/users\/1"}],"replies":[{"embeddable":true,"href":"https:\/\/informativoelvalledeaguascalientes.online\/index.php?rest_route=%2Fwp%2Fv2%2Fcomments&post=72379"}],"version-history":[{"count":1,"href":"https:\/\/informativoelvalledeaguascalientes.online\/index.php?rest_route=\/wp\/v2\/posts\/72379\/revisions"}],"predecessor-version":[{"id":72381,"href":"https:\/\/informativoelvalledeaguascalientes.online\/index.php?rest_route=\/wp\/v2\/posts\/72379\/revisions\/72381"}],"wp:featuredmedia":[{"embeddable":true,"href":"https:\/\/informativoelvalledeaguascalientes.online\/index.php?rest_route=\/wp\/v2\/media\/72380"}],"wp:attachment":[{"href":"https:\/\/informativoelvalledeaguascalientes.online\/index.php?rest_route=%2Fwp%2Fv2%2Fmedia&parent=72379"}],"wp:term":[{"taxonomy":"category","embeddable":true,"href":"https:\/\/informativoelvalledeaguascalientes.online\/index.php?rest_route=%2Fwp%2Fv2%2Fcategories&post=72379"},{"taxonomy":"post_tag","embeddable":true,"href":"https:\/\/informativoelvalledeaguascalientes.online\/index.php?rest_route=%2Fwp%2Fv2%2Ftags&post=72379"}],"curies":[{"name":"wp","href":"https:\/\/api.w.org\/{rel}","templated":true}]}}