{"id":72366,"date":"2025-06-19T00:52:52","date_gmt":"2025-06-19T06:52:52","guid":{"rendered":"https:\/\/informativoelvalledeaguascalientes.online\/?p=72366"},"modified":"2025-06-19T00:52:52","modified_gmt":"2025-06-19T06:52:52","slug":"tere-jimenez-encabeza-reunion-de-seguridad-aguascalientes-se-blinda-con-trabajo-coordinado","status":"publish","type":"post","link":"https:\/\/informativoelvalledeaguascalientes.online\/?p=72366","title":{"rendered":"TERE JIM\u00c9NEZ ENCABEZA REUNI\u00d3N DE SEGURIDAD; AGUASCALIENTES SE BLINDA CON TRABAJO COORDINADO"},"content":{"rendered":"<p class=\"p1\">#informativoelvalledeaguascalientes<span class=\"Apple-converted-space\">\u00a0 <\/span>#novaradioaguascalientes #informativoelvalledeaguascalientesll #Aguascalientes<\/p>\n<p>&nbsp;<\/p>\n<p>&nbsp;<\/p>\n<p>La gobernadora de Aguascalientes, Tere Jim\u00e9nez, presidi\u00f3 la sesi\u00f3n de trabajo de la Mesa Estatal para la Construcci\u00f3n de la Paz (MESCP), en la que participaron representantes del Ej\u00e9rcito Mexicano, Guardia Nacional, Fiscal\u00eda General del Estado y Secretar\u00eda de Seguridad P\u00fablica Estatal, entre otras autoridades, en las instalaciones de la 14\/a. Zona Militar.<\/p>\n<p>Tere Jim\u00e9nez reafirm\u00f3 su compromiso de mantener una coordinaci\u00f3n estrecha y permanente con las autoridades federales, estatales y municipales, con el objetivo de fortalecer las estrategias de seguridad y garantizar entornos seguros para todas y todos los aguascalentenses.<\/p>\n<p>&#8220;La seguridad es una prioridad. Seguiremos sumando esfuerzos para proteger a nuestras familias y mantener la confianza de quienes aqu\u00ed viven y trabajan&#8221;, afirm\u00f3 la gobernadora.<\/p>\n<p>En la reuni\u00f3n estuvieron presentes Jos\u00e9 Francisco Moreno Barrera, comandante de la 14\/a. Zona Militar; Homero Edmundo Blanco Lozada, coordinador estatal de la Guardia Nacional en Aguascalientes; Manuel Alonso Garc\u00eda, fiscal general del Estado; Antonio Mart\u00ednez Romo, secretario de Seguridad P\u00fablica del Estado; Maribel Ch\u00e1vez Arriaga, delegada estatal de la Fiscal\u00eda General de la Rep\u00fablica en Aguascalientes; Luis Gaistardo Serrano, jefe de Estaci\u00f3n del Centro Nacional de Inteligencia en Aguascalientes; Fernando Alberto Alf\u00e9rez Alc\u00e1zar, secretario t\u00e9cnico de la MESCP, y Jos\u00e9 Antonio Ar\u00e1mbula L\u00f3pez, secretario general de Gobierno.<\/p>\n","protected":false},"excerpt":{"rendered":"<p>#informativoelvalledeaguascalientes\u00a0 #novaradioaguascalientes #informativoelvalledeaguascalientesll #Aguascalientes &nbsp; &nbsp; La gobernadora de Aguascalientes, Tere Jim\u00e9nez, presidi\u00f3 la sesi\u00f3n de trabajo de la Mesa Estatal para la Construcci\u00f3n de la Paz (MESCP), en la que participaron representantes del Ej\u00e9rcito Mexicano, Guardia Nacional, Fiscal\u00eda General del Estado y Secretar\u00eda de Seguridad P\u00fablica Estatal, entre otras autoridades, en las instalaciones de [&hellip;]<\/p>\n","protected":false},"author":1,"featured_media":72367,"comment_status":"closed","ping_status":"open","sticky":false,"template":"","format":"standard","meta":{"advanced_seo_description":"","jetpack_seo_html_title":"","jetpack_seo_noindex":false,"_jetpack_memberships_contains_paid_content":false,"footnotes":"","jetpack_publicize_message":"","jetpack_publicize_feature_enabled":true,"jetpack_social_post_already_shared":true,"jetpack_social_options":{"image_generator_settings":{"template":"highway","default_image_id":0,"font":"","enabled":false},"version":2}},"categories":[21,4],"tags":[22,615,320],"class_list":["post-72366","post","type-post","status-publish","format-standard","has-post-thumbnail","hentry","category-aguascalientes","category-gobierno-del-estado-aguascalientes","tag-aguascalientes","tag-gobierno-del-estado-de-aguascalientes","tag-tere-jimenez"],"jetpack_publicize_connections":[],"jetpack_featured_media_url":"https:\/\/i0.wp.com\/informativoelvalledeaguascalientes.online\/wp-content\/uploads\/2025\/06\/302593a8-83e3-410f-9330-f16a47fd0bbe.jpeg?fit=1600%2C1066&ssl=1","jetpack-related-posts":[],"jetpack_sharing_enabled":true,"jetpack_likes_enabled":true,"_links":{"self":[{"href":"https:\/\/informativoelvalledeaguascalientes.online\/index.php?rest_route=\/wp\/v2\/posts\/72366","targetHints":{"allow":["GET"]}}],"collection":[{"href":"https:\/\/informativoelvalledeaguascalientes.online\/index.php?rest_route=\/wp\/v2\/posts"}],"about":[{"href":"https:\/\/informativoelvalledeaguascalientes.online\/index.php?rest_route=\/wp\/v2\/types\/post"}],"author":[{"embeddable":true,"href":"https:\/\/informativoelvalledeaguascalientes.online\/index.php?rest_route=\/wp\/v2\/users\/1"}],"replies":[{"embeddable":true,"href":"https:\/\/informativoelvalledeaguascalientes.online\/index.php?rest_route=%2Fwp%2Fv2%2Fcomments&post=72366"}],"version-history":[{"count":1,"href":"https:\/\/informativoelvalledeaguascalientes.online\/index.php?rest_route=\/wp\/v2\/posts\/72366\/revisions"}],"predecessor-version":[{"id":72368,"href":"https:\/\/informativoelvalledeaguascalientes.online\/index.php?rest_route=\/wp\/v2\/posts\/72366\/revisions\/72368"}],"wp:featuredmedia":[{"embeddable":true,"href":"https:\/\/informativoelvalledeaguascalientes.online\/index.php?rest_route=\/wp\/v2\/media\/72367"}],"wp:attachment":[{"href":"https:\/\/informativoelvalledeaguascalientes.online\/index.php?rest_route=%2Fwp%2Fv2%2Fmedia&parent=72366"}],"wp:term":[{"taxonomy":"category","embeddable":true,"href":"https:\/\/informativoelvalledeaguascalientes.online\/index.php?rest_route=%2Fwp%2Fv2%2Fcategories&post=72366"},{"taxonomy":"post_tag","embeddable":true,"href":"https:\/\/informativoelvalledeaguascalientes.online\/index.php?rest_route=%2Fwp%2Fv2%2Ftags&post=72366"}],"curies":[{"name":"wp","href":"https:\/\/api.w.org\/{rel}","templated":true}]}}