{"id":72357,"date":"2025-06-18T23:36:35","date_gmt":"2025-06-19T05:36:35","guid":{"rendered":"https:\/\/informativoelvalledeaguascalientes.online\/?p=72357"},"modified":"2025-06-19T00:41:50","modified_gmt":"2025-06-19T06:41:50","slug":"video-don-gerardo-es-un-ejemplo-de-constancia-y-esfuerzo","status":"publish","type":"post","link":"https:\/\/informativoelvalledeaguascalientes.online\/?p=72357","title":{"rendered":"VIDEO: Don Gerardo es un ejemplo de constancia y esfuerzo."},"content":{"rendered":"<p class=\"p1\">#informativoelvalledeaguascalientes<span class=\"Apple-converted-space\">\u00a0 <\/span>#novaradioaguascalientes #informativoelvalledeaguascalientesll #Aguascalientes<\/p>\n<p>&nbsp;<\/p>\n<div style=\"width: 640px;\" class=\"wp-video\"><video class=\"wp-video-shortcode\" id=\"video-72357-1\" width=\"640\" height=\"360\" preload=\"metadata\" controls=\"controls\"><source type=\"video\/mp4\" src=\"https:\/\/informativoelvalledeaguascalientes.online\/wp-content\/uploads\/2025\/06\/WhatsApp-Video-2025-06-18-at-9.06.32-AM.mp4?_=1\" \/><a href=\"https:\/\/informativoelvalledeaguascalientes.online\/wp-content\/uploads\/2025\/06\/WhatsApp-Video-2025-06-18-at-9.06.32-AM.mp4\">https:\/\/informativoelvalledeaguascalientes.online\/wp-content\/uploads\/2025\/06\/WhatsApp-Video-2025-06-18-at-9.06.32-AM.mp4<\/a><\/video><\/div>\n<p>&nbsp;<\/p>\n<p>Es paciente de la Direcci\u00f3n de Servicios M\u00e9dicos del DIF Estatal y actualmente se rehabilita en el tanque terap\u00e9utico, adem\u00e1s de recibir otros servicios que han mejorado su salud en poco tiempo.<\/p>\n<p>Recuerda que en el DIF Estatal contamos con diversas \u00e1reas de atenci\u00f3n m\u00e9dica y rehabilitaci\u00f3n para ti y tu familia.<br \/>\n\ud83d\udccd Vis\u00edtanos en Av. Mahatma Gandhi, esquina Rep\u00fablica de Paraguay s\/n, Col. Agricultura.<br \/>\n\ud83d\udcde Informes al 449 910 25 85, Exts. 6594 y 1139.<\/p>\n","protected":false},"excerpt":{"rendered":"<p>#informativoelvalledeaguascalientes\u00a0 #novaradioaguascalientes #informativoelvalledeaguascalientesll #Aguascalientes &nbsp; &nbsp; Es paciente de la Direcci\u00f3n de Servicios M\u00e9dicos del DIF Estatal y actualmente se rehabilita en el tanque terap\u00e9utico, adem\u00e1s de recibir otros servicios que han mejorado su salud en poco tiempo. Recuerda que en el DIF Estatal contamos con diversas \u00e1reas de atenci\u00f3n m\u00e9dica y rehabilitaci\u00f3n para ti [&hellip;]<\/p>\n","protected":false},"author":1,"featured_media":72359,"comment_status":"closed","ping_status":"open","sticky":false,"template":"","format":"standard","meta":{"advanced_seo_description":"","jetpack_seo_html_title":"","jetpack_seo_noindex":false,"_jetpack_memberships_contains_paid_content":false,"footnotes":"","jetpack_publicize_message":"","jetpack_publicize_feature_enabled":true,"jetpack_social_post_already_shared":true,"jetpack_social_options":{"image_generator_settings":{"template":"highway","default_image_id":0,"font":"","enabled":false},"version":2}},"categories":[21,4],"tags":[22,65,615],"class_list":["post-72357","post","type-post","status-publish","format-standard","has-post-thumbnail","hentry","category-aguascalientes","category-gobierno-del-estado-aguascalientes","tag-aguascalientes","tag-dif-estatal-aguascalientes","tag-gobierno-del-estado-de-aguascalientes"],"jetpack_publicize_connections":[],"jetpack_featured_media_url":"https:\/\/i0.wp.com\/informativoelvalledeaguascalientes.online\/wp-content\/uploads\/2025\/06\/Captura-de-pantalla-2025-06-18-a-las-23.25.24.png?fit=586%2C339&ssl=1","jetpack-related-posts":[],"jetpack_sharing_enabled":true,"jetpack_likes_enabled":true,"_links":{"self":[{"href":"https:\/\/informativoelvalledeaguascalientes.online\/index.php?rest_route=\/wp\/v2\/posts\/72357","targetHints":{"allow":["GET"]}}],"collection":[{"href":"https:\/\/informativoelvalledeaguascalientes.online\/index.php?rest_route=\/wp\/v2\/posts"}],"about":[{"href":"https:\/\/informativoelvalledeaguascalientes.online\/index.php?rest_route=\/wp\/v2\/types\/post"}],"author":[{"embeddable":true,"href":"https:\/\/informativoelvalledeaguascalientes.online\/index.php?rest_route=\/wp\/v2\/users\/1"}],"replies":[{"embeddable":true,"href":"https:\/\/informativoelvalledeaguascalientes.online\/index.php?rest_route=%2Fwp%2Fv2%2Fcomments&post=72357"}],"version-history":[{"count":3,"href":"https:\/\/informativoelvalledeaguascalientes.online\/index.php?rest_route=\/wp\/v2\/posts\/72357\/revisions"}],"predecessor-version":[{"id":72362,"href":"https:\/\/informativoelvalledeaguascalientes.online\/index.php?rest_route=\/wp\/v2\/posts\/72357\/revisions\/72362"}],"wp:featuredmedia":[{"embeddable":true,"href":"https:\/\/informativoelvalledeaguascalientes.online\/index.php?rest_route=\/wp\/v2\/media\/72359"}],"wp:attachment":[{"href":"https:\/\/informativoelvalledeaguascalientes.online\/index.php?rest_route=%2Fwp%2Fv2%2Fmedia&parent=72357"}],"wp:term":[{"taxonomy":"category","embeddable":true,"href":"https:\/\/informativoelvalledeaguascalientes.online\/index.php?rest_route=%2Fwp%2Fv2%2Fcategories&post=72357"},{"taxonomy":"post_tag","embeddable":true,"href":"https:\/\/informativoelvalledeaguascalientes.online\/index.php?rest_route=%2Fwp%2Fv2%2Ftags&post=72357"}],"curies":[{"name":"wp","href":"https:\/\/api.w.org\/{rel}","templated":true}]}}