{"id":72353,"date":"2025-06-17T22:35:29","date_gmt":"2025-06-18T04:35:29","guid":{"rendered":"https:\/\/informativoelvalledeaguascalientes.online\/?p=72353"},"modified":"2025-06-17T22:35:29","modified_gmt":"2025-06-18T04:35:29","slug":"video-policia-procesal-y-de-custodia-de-aguascalientes-la-mejor-preparada-de-mexico","status":"publish","type":"post","link":"https:\/\/informativoelvalledeaguascalientes.online\/?p=72353","title":{"rendered":"VIDEO: POLIC\u00cdA PROCESAL Y DE CUSTODIA DE AGUASCALIENTES, LA MEJOR PREPARADA DE M\u00c9XICO"},"content":{"rendered":"<p class=\"p1\">#informativoelvalledeaguascalientes<span class=\"Apple-converted-space\">\u00a0 <\/span>#novaradioaguascalientes #informativoelvalledeaguascalientesll #Aguascalientes<\/p>\n<p>&nbsp;<\/p>\n<div style=\"width: 640px;\" class=\"wp-video\"><video class=\"wp-video-shortcode\" id=\"video-72353-1\" width=\"640\" height=\"362\" preload=\"metadata\" controls=\"controls\"><source type=\"video\/mp4\" src=\"https:\/\/informativoelvalledeaguascalientes.online\/wp-content\/uploads\/2025\/06\/WhatsApp-Video-2025-06-17-at-9.03.42-PM.mp4?_=1\" \/><a href=\"https:\/\/informativoelvalledeaguascalientes.online\/wp-content\/uploads\/2025\/06\/WhatsApp-Video-2025-06-17-at-9.03.42-PM.mp4\">https:\/\/informativoelvalledeaguascalientes.online\/wp-content\/uploads\/2025\/06\/WhatsApp-Video-2025-06-17-at-9.03.42-PM.mp4<\/a><\/video><\/div>\n<p>&nbsp;<\/p>\n<p>La Polic\u00eda Procesal y de Custodia, perteneciente a la Direcci\u00f3n General de Reinserci\u00f3n Social de la Secretar\u00eda de Seguridad P\u00fablica del Estado, se distingue por ser la mejor preparada de todo el pa\u00eds.<\/p>\n<p>Con una formaci\u00f3n t\u00e1ctica, operativa y humana de alto nivel, sus elementos mantienen el orden, la seguridad y el control dentro de los centros penitenciarios de Aguascalientes, actuando siempre con disciplina, firmeza y profesionalismo.<\/p>\n<p>En Aguascalientes no improvisamos: tenemos al mejor equipo cuidando los centros penitenciarios del estado.<\/p>\n<p>#LaFuerzaDelGigante<\/p>\n","protected":false},"excerpt":{"rendered":"<p>#informativoelvalledeaguascalientes\u00a0 #novaradioaguascalientes #informativoelvalledeaguascalientesll #Aguascalientes &nbsp; &nbsp; La Polic\u00eda Procesal y de Custodia, perteneciente a la Direcci\u00f3n General de Reinserci\u00f3n Social de la Secretar\u00eda de Seguridad P\u00fablica del Estado, se distingue por ser la mejor preparada de todo el pa\u00eds. Con una formaci\u00f3n t\u00e1ctica, operativa y humana de alto nivel, sus elementos mantienen el orden, la [&hellip;]<\/p>\n","protected":false},"author":1,"featured_media":72355,"comment_status":"closed","ping_status":"open","sticky":false,"template":"","format":"standard","meta":{"advanced_seo_description":"","jetpack_seo_html_title":"","jetpack_seo_noindex":false,"_jetpack_memberships_contains_paid_content":false,"footnotes":"","jetpack_publicize_message":"","jetpack_publicize_feature_enabled":true,"jetpack_social_post_already_shared":true,"jetpack_social_options":{"image_generator_settings":{"template":"highway","default_image_id":0,"font":"","enabled":false},"version":2}},"categories":[21,4],"tags":[22,615,122],"class_list":["post-72353","post","type-post","status-publish","format-standard","has-post-thumbnail","hentry","category-aguascalientes","category-gobierno-del-estado-aguascalientes","tag-aguascalientes","tag-gobierno-del-estado-de-aguascalientes","tag-sspe-aguascalientes"],"jetpack_publicize_connections":[],"jetpack_featured_media_url":"https:\/\/i0.wp.com\/informativoelvalledeaguascalientes.online\/wp-content\/uploads\/2025\/06\/Captura-de-pantalla-2025-06-17-a-las-22.29.11.png?fit=1251%2C712&ssl=1","jetpack-related-posts":[],"jetpack_sharing_enabled":true,"jetpack_likes_enabled":true,"_links":{"self":[{"href":"https:\/\/informativoelvalledeaguascalientes.online\/index.php?rest_route=\/wp\/v2\/posts\/72353","targetHints":{"allow":["GET"]}}],"collection":[{"href":"https:\/\/informativoelvalledeaguascalientes.online\/index.php?rest_route=\/wp\/v2\/posts"}],"about":[{"href":"https:\/\/informativoelvalledeaguascalientes.online\/index.php?rest_route=\/wp\/v2\/types\/post"}],"author":[{"embeddable":true,"href":"https:\/\/informativoelvalledeaguascalientes.online\/index.php?rest_route=\/wp\/v2\/users\/1"}],"replies":[{"embeddable":true,"href":"https:\/\/informativoelvalledeaguascalientes.online\/index.php?rest_route=%2Fwp%2Fv2%2Fcomments&post=72353"}],"version-history":[{"count":1,"href":"https:\/\/informativoelvalledeaguascalientes.online\/index.php?rest_route=\/wp\/v2\/posts\/72353\/revisions"}],"predecessor-version":[{"id":72356,"href":"https:\/\/informativoelvalledeaguascalientes.online\/index.php?rest_route=\/wp\/v2\/posts\/72353\/revisions\/72356"}],"wp:featuredmedia":[{"embeddable":true,"href":"https:\/\/informativoelvalledeaguascalientes.online\/index.php?rest_route=\/wp\/v2\/media\/72355"}],"wp:attachment":[{"href":"https:\/\/informativoelvalledeaguascalientes.online\/index.php?rest_route=%2Fwp%2Fv2%2Fmedia&parent=72353"}],"wp:term":[{"taxonomy":"category","embeddable":true,"href":"https:\/\/informativoelvalledeaguascalientes.online\/index.php?rest_route=%2Fwp%2Fv2%2Fcategories&post=72353"},{"taxonomy":"post_tag","embeddable":true,"href":"https:\/\/informativoelvalledeaguascalientes.online\/index.php?rest_route=%2Fwp%2Fv2%2Ftags&post=72353"}],"curies":[{"name":"wp","href":"https:\/\/api.w.org\/{rel}","templated":true}]}}