{"id":72350,"date":"2025-06-17T22:11:41","date_gmt":"2025-06-18T04:11:41","guid":{"rendered":"https:\/\/informativoelvalledeaguascalientes.online\/?p=72350"},"modified":"2025-06-17T22:11:41","modified_gmt":"2025-06-18T04:11:41","slug":"%f0%9d%90%82%f0%9d%90%80%f0%9d%90%93%f0%9d%90%80-%f0%9d%90%94%f0%9d%90%91%f0%9d%90%81%f0%9d%90%80%f0%9d%90%8d%f0%9d%90%80-%f0%9d%90%84%f0%9d%90%8d-%f0%9d%90%84%f0%9d%90%8b-%f0%9d%90%81%f0%9d%90%80","status":"publish","type":"post","link":"https:\/\/informativoelvalledeaguascalientes.online\/?p=72350","title":{"rendered":"\ud835\udc02\ud835\udc00\ud835\udc13\ud835\udc00 \ud835\udc14\ud835\udc11\ud835\udc01\ud835\udc00\ud835\udc0d\ud835\udc00 \ud835\udc04\ud835\udc0d \ud835\udc04\ud835\udc0b \ud835\udc01\ud835\udc00\ud835\udc11\ud835\udc11\ud835\udc08\ud835\udc0e \ud835\udc03\ud835\udc04\ud835\udc0b \ud835\udc04\ud835\udc0d\ud835\udc02\ud835\udc08\ud835\udc0d\ud835\udc0e."},"content":{"rendered":"<p class=\"p1\">#informativoelvalledeaguascalientes<span class=\"Apple-converted-space\">\u00a0 <\/span>#novaradioaguascalientes #informativoelvalledeaguascalientesll #Aguascalientes<\/p>\n<p>&nbsp;<\/p>\n<p>&nbsp;<\/p>\n<p>\u00a1Las Catas Urbanas siguen recorriendo los barrios con m\u00e1s historia!<br \/>\nEste fin de semana la cita es en el Barrio del Encino, donde el vino, la m\u00fasica y la tradici\u00f3n se viven al m\u00e1ximo. \ud83c\udfb6\ud83c\udf47<\/p>\n<p>Disfruta de una tarde con sabores locales, talento hidroc\u00e1lido y el ambiente \u00fanico de la #RutaDelVino.<\/p>\n<p>\ud83d\udccd Jard\u00edn del Encino<br \/>\n\ud83d\uddd3 S\u00e1bado 21 y domingo 22 de junio<br \/>\n\ud83d\udd51 De 2:00 a 9:00 pm<br \/>\n\ud83c\udf9f Entrada libre<\/p>\n<p>\u00a1No faltes! El Encino se llena de sabor, cultura\u2026 y mucho vino. \ud83e\udd42<\/p>\n<p>#CatasUrbanas #RDV2025 #ElAlmaDeLaFiesta #VivaAguascalientes<\/p>\n","protected":false},"excerpt":{"rendered":"<p>#informativoelvalledeaguascalientes\u00a0 #novaradioaguascalientes #informativoelvalledeaguascalientesll #Aguascalientes &nbsp; &nbsp; \u00a1Las Catas Urbanas siguen recorriendo los barrios con m\u00e1s historia! Este fin de semana la cita es en el Barrio del Encino, donde el vino, la m\u00fasica y la tradici\u00f3n se viven al m\u00e1ximo. \ud83c\udfb6\ud83c\udf47 Disfruta de una tarde con sabores locales, talento hidroc\u00e1lido y el ambiente \u00fanico de [&hellip;]<\/p>\n","protected":false},"author":1,"featured_media":72351,"comment_status":"closed","ping_status":"open","sticky":false,"template":"","format":"standard","meta":{"advanced_seo_description":"","jetpack_seo_html_title":"","jetpack_seo_noindex":false,"_jetpack_memberships_contains_paid_content":false,"footnotes":"","jetpack_publicize_message":"","jetpack_publicize_feature_enabled":true,"jetpack_social_post_already_shared":true,"jetpack_social_options":{"image_generator_settings":{"template":"highway","default_image_id":0,"font":"","enabled":false},"version":2}},"categories":[21,4],"tags":[22,615,34],"class_list":["post-72350","post","type-post","status-publish","format-standard","has-post-thumbnail","hentry","category-aguascalientes","category-gobierno-del-estado-aguascalientes","tag-aguascalientes","tag-gobierno-del-estado-de-aguascalientes","tag-sectur"],"jetpack_publicize_connections":[],"jetpack_featured_media_url":"https:\/\/i0.wp.com\/informativoelvalledeaguascalientes.online\/wp-content\/uploads\/2025\/06\/87ad34bd-e8fc-4273-8efb-4dcbcf20c086-1.jpeg?fit=1638%2C2048&ssl=1","jetpack-related-posts":[],"jetpack_sharing_enabled":true,"jetpack_likes_enabled":true,"_links":{"self":[{"href":"https:\/\/informativoelvalledeaguascalientes.online\/index.php?rest_route=\/wp\/v2\/posts\/72350","targetHints":{"allow":["GET"]}}],"collection":[{"href":"https:\/\/informativoelvalledeaguascalientes.online\/index.php?rest_route=\/wp\/v2\/posts"}],"about":[{"href":"https:\/\/informativoelvalledeaguascalientes.online\/index.php?rest_route=\/wp\/v2\/types\/post"}],"author":[{"embeddable":true,"href":"https:\/\/informativoelvalledeaguascalientes.online\/index.php?rest_route=\/wp\/v2\/users\/1"}],"replies":[{"embeddable":true,"href":"https:\/\/informativoelvalledeaguascalientes.online\/index.php?rest_route=%2Fwp%2Fv2%2Fcomments&post=72350"}],"version-history":[{"count":1,"href":"https:\/\/informativoelvalledeaguascalientes.online\/index.php?rest_route=\/wp\/v2\/posts\/72350\/revisions"}],"predecessor-version":[{"id":72352,"href":"https:\/\/informativoelvalledeaguascalientes.online\/index.php?rest_route=\/wp\/v2\/posts\/72350\/revisions\/72352"}],"wp:featuredmedia":[{"embeddable":true,"href":"https:\/\/informativoelvalledeaguascalientes.online\/index.php?rest_route=\/wp\/v2\/media\/72351"}],"wp:attachment":[{"href":"https:\/\/informativoelvalledeaguascalientes.online\/index.php?rest_route=%2Fwp%2Fv2%2Fmedia&parent=72350"}],"wp:term":[{"taxonomy":"category","embeddable":true,"href":"https:\/\/informativoelvalledeaguascalientes.online\/index.php?rest_route=%2Fwp%2Fv2%2Fcategories&post=72350"},{"taxonomy":"post_tag","embeddable":true,"href":"https:\/\/informativoelvalledeaguascalientes.online\/index.php?rest_route=%2Fwp%2Fv2%2Ftags&post=72350"}],"curies":[{"name":"wp","href":"https:\/\/api.w.org\/{rel}","templated":true}]}}