{"id":72299,"date":"2025-06-17T09:24:51","date_gmt":"2025-06-17T15:24:51","guid":{"rendered":"https:\/\/informativoelvalledeaguascalientes.online\/?p=72299"},"modified":"2025-06-17T09:24:51","modified_gmt":"2025-06-17T15:24:51","slug":"video-programa-gigante-transporta-del-dif-estatal","status":"publish","type":"post","link":"https:\/\/informativoelvalledeaguascalientes.online\/?p=72299","title":{"rendered":"VIDEO: PROGRAMA GIGANTE TRANSPORTA DEL DIF ESTATAL"},"content":{"rendered":"<p class=\"p1\">#informativoelvalledeaguascalientes<span class=\"Apple-converted-space\">\u00a0 <\/span>#novaradioaguascalientes #informativoelvalledeaguascalientesll #Aguascalientes<span class=\"Apple-converted-space\">\u00a0<\/span><\/p>\n<p>&nbsp;<\/p>\n<div style=\"width: 640px;\" class=\"wp-video\"><video class=\"wp-video-shortcode\" id=\"video-72299-1\" width=\"640\" height=\"1138\" preload=\"metadata\" controls=\"controls\"><source type=\"video\/mp4\" src=\"https:\/\/informativoelvalledeaguascalientes.online\/wp-content\/uploads\/2025\/06\/DIF-TRANSPORTE-.mp4?_=1\" \/><a href=\"https:\/\/informativoelvalledeaguascalientes.online\/wp-content\/uploads\/2025\/06\/DIF-TRANSPORTE-.mp4\">https:\/\/informativoelvalledeaguascalientes.online\/wp-content\/uploads\/2025\/06\/DIF-TRANSPORTE-.mp4<\/a><\/video><\/div>\n<p>&nbsp;<\/p>\n<p>\u00c9l es Jes\u00fas de Lira, taxista del programa Gigante Transporta del DIF Estatal.<br \/>\nGracias al trabajo en conjunto con asociaciones de taxistas, brindamos traslados gratuitos a personas con discapacidad para que puedan asistir puntualmente a sus terapias.<\/p>\n<p>Para m\u00e1s informaci\u00f3n sobre este y otros programas, comun\u00edcate al 070.<\/p>\n<p>#ElGiganteDeM\u00e9xico<\/p>\n","protected":false},"excerpt":{"rendered":"<p>#informativoelvalledeaguascalientes\u00a0 #novaradioaguascalientes #informativoelvalledeaguascalientesll #Aguascalientes\u00a0 &nbsp; &nbsp; \u00c9l es Jes\u00fas de Lira, taxista del programa Gigante Transporta del DIF Estatal. Gracias al trabajo en conjunto con asociaciones de taxistas, brindamos traslados gratuitos a personas con discapacidad para que puedan asistir puntualmente a sus terapias. Para m\u00e1s informaci\u00f3n sobre este y otros programas, comun\u00edcate al 070. #ElGiganteDeM\u00e9xico<\/p>\n","protected":false},"author":1,"featured_media":72301,"comment_status":"closed","ping_status":"open","sticky":false,"template":"","format":"standard","meta":{"_monsterinsights_skip_tracking":false,"advanced_seo_description":"","jetpack_seo_html_title":"","jetpack_seo_noindex":false,"jetpack_seo_schema_type":"","_jetpack_newsletter_access":"","_jetpack_dont_email_post_to_subs":false,"_jetpack_newsletter_tier_id":0,"_jetpack_memberships_contains_paywalled_content":false,"_jetpack_feature_clip_id":0,"_jetpack_memberships_contains_paid_content":false,"footnotes":"","jetpack_publicize_message":"","jetpack_publicize_feature_enabled":true,"jetpack_social_post_already_shared":true,"jetpack_social_options":{"image_generator_settings":{"template":"highway","default_image_id":0,"font":"","enabled":false},"version":2},"jetpack_post_was_ever_published":false},"categories":[21,4],"tags":[22,65,615],"class_list":["post-72299","post","type-post","status-publish","format-standard","has-post-thumbnail","hentry","category-aguascalientes","category-gobierno-del-estado-aguascalientes","tag-aguascalientes","tag-dif-estatal-aguascalientes","tag-gobierno-del-estado-de-aguascalientes"],"jetpack_publicize_connections":[],"jetpack_featured_media_url":"https:\/\/i0.wp.com\/informativoelvalledeaguascalientes.online\/wp-content\/uploads\/2025\/06\/Captura-de-Pantalla-2025-06-17-a-las-9.14.55.png?fit=358%2C644&ssl=1","jetpack-related-posts":[],"jetpack_sharing_enabled":true,"jetpack_likes_enabled":true,"_links":{"self":[{"href":"https:\/\/informativoelvalledeaguascalientes.online\/index.php?rest_route=\/wp\/v2\/posts\/72299","targetHints":{"allow":["GET"]}}],"collection":[{"href":"https:\/\/informativoelvalledeaguascalientes.online\/index.php?rest_route=\/wp\/v2\/posts"}],"about":[{"href":"https:\/\/informativoelvalledeaguascalientes.online\/index.php?rest_route=\/wp\/v2\/types\/post"}],"author":[{"embeddable":true,"href":"https:\/\/informativoelvalledeaguascalientes.online\/index.php?rest_route=\/wp\/v2\/users\/1"}],"replies":[{"embeddable":true,"href":"https:\/\/informativoelvalledeaguascalientes.online\/index.php?rest_route=%2Fwp%2Fv2%2Fcomments&post=72299"}],"version-history":[{"count":1,"href":"https:\/\/informativoelvalledeaguascalientes.online\/index.php?rest_route=\/wp\/v2\/posts\/72299\/revisions"}],"predecessor-version":[{"id":72302,"href":"https:\/\/informativoelvalledeaguascalientes.online\/index.php?rest_route=\/wp\/v2\/posts\/72299\/revisions\/72302"}],"wp:featuredmedia":[{"embeddable":true,"href":"https:\/\/informativoelvalledeaguascalientes.online\/index.php?rest_route=\/wp\/v2\/media\/72301"}],"wp:attachment":[{"href":"https:\/\/informativoelvalledeaguascalientes.online\/index.php?rest_route=%2Fwp%2Fv2%2Fmedia&parent=72299"}],"wp:term":[{"taxonomy":"category","embeddable":true,"href":"https:\/\/informativoelvalledeaguascalientes.online\/index.php?rest_route=%2Fwp%2Fv2%2Fcategories&post=72299"},{"taxonomy":"post_tag","embeddable":true,"href":"https:\/\/informativoelvalledeaguascalientes.online\/index.php?rest_route=%2Fwp%2Fv2%2Ftags&post=72299"}],"curies":[{"name":"wp","href":"https:\/\/api.w.org\/{rel}","templated":true}]}}