{"id":72295,"date":"2025-06-17T09:08:48","date_gmt":"2025-06-17T15:08:48","guid":{"rendered":"https:\/\/informativoelvalledeaguascalientes.online\/?p=72295"},"modified":"2025-06-17T09:08:48","modified_gmt":"2025-06-17T15:08:48","slug":"arranca-obras-publicas-municipales-rehabilitacion-de-calle-victoria-con-una-inversion-de-dos-millones-de-pesos","status":"publish","type":"post","link":"https:\/\/informativoelvalledeaguascalientes.online\/?p=72295","title":{"rendered":"ARRANCA OBRAS P\u00daBLICAS MUNICIPALES REHABILITACI\u00d3N DE CALLE VICTORIA CON UNA INVERSI\u00d3N DE DOS MILLONES DE PESOS"},"content":{"rendered":"<p>#informativoelvalledeaguascalientes #novaradioaguascalientes #informativoelvalledeaguascalientesll #Aguascalientes<\/p>\n<p>&nbsp;<\/p>\n<p>&nbsp;<\/p>\n<ul>\n<li><em><strong>En esta ocasi\u00f3n se rehabilitar\u00e1 el tramo de Benjam\u00edn de la Mora a Valent\u00edn G\u00f3mez Far\u00edas.<\/strong><\/em>.<\/li>\n<\/ul>\n<p>&nbsp;<\/p>\n<p>Contin\u00faa el Municipio de Aguascalientes, con la rehabilitaci\u00f3n de carpeta asf\u00e1ltica en calles del centro de la ciudad.<\/p>\n<p>&nbsp;<\/p>\n<p>El presidente municipal,\u00a0<strong>Leo Monta\u00f1ez<\/strong>, encabez\u00f3 el arranque de las obras de rehabilitaci\u00f3n en la calle Guadalupe Victoria, con lo que reafirma su compromiso con el mejoramiento de las vialidades de la ciudad.<\/p>\n<p>&nbsp;<\/p>\n<p>Con una inversi\u00f3n superior a los dos millones de pesos, esta obra representa un paso m\u00e1s hacia una movilidad m\u00e1s segura y eficiente para las familias de Aguascalientes.<\/p>\n<p>&nbsp;<\/p>\n<p>Los trabajos se realizar\u00e1n entre las calles Benjam\u00edn de la Mora y Valent\u00edn G\u00f3mez Far\u00edas, e incluir\u00e1n fresado, colocaci\u00f3n de sobrecarpeta asf\u00e1ltica de cinco cent\u00edmetros, vialetas, pintura, entre otros, para mejorar la seguridad vial de peatones y conductores.<\/p>\n<p>&nbsp;<\/p>\n<p>Durante el arranque de obra el diputado local,\u00a0<strong>Max Ram\u00edrez<\/strong>\u00a0y\u00a0<strong>Miguel \u00c1ngel Huizar Botello<\/strong>, titular de la Secretar\u00eda de Obras P\u00fablicas del Municipio, exhortaron a la ciudadan\u00eda tomar precauciones por los cierres totales que se realizar\u00e1n de 21:30 a 05:45 horas a partir del lunes 16 de junio y hasta concluir la obra, con el fin de minimizar afectaciones a comerciantes.<\/p>\n","protected":false},"excerpt":{"rendered":"<p>#informativoelvalledeaguascalientes #novaradioaguascalientes #informativoelvalledeaguascalientesll #Aguascalientes &nbsp; &nbsp; En esta ocasi\u00f3n se rehabilitar\u00e1 el tramo de Benjam\u00edn de la Mora a Valent\u00edn G\u00f3mez Far\u00edas.. &nbsp; Contin\u00faa el Municipio de Aguascalientes, con la rehabilitaci\u00f3n de carpeta asf\u00e1ltica en calles del centro de la ciudad. &nbsp; El presidente municipal,\u00a0Leo Monta\u00f1ez, encabez\u00f3 el arranque de las obras de rehabilitaci\u00f3n en [&hellip;]<\/p>\n","protected":false},"author":1,"featured_media":72296,"comment_status":"closed","ping_status":"open","sticky":false,"template":"","format":"standard","meta":{"_monsterinsights_skip_tracking":false,"advanced_seo_description":"","jetpack_seo_html_title":"","jetpack_seo_noindex":false,"jetpack_seo_schema_type":"","_jetpack_newsletter_access":"","_jetpack_dont_email_post_to_subs":false,"_jetpack_newsletter_tier_id":0,"_jetpack_memberships_contains_paywalled_content":false,"_jetpack_feature_clip_id":0,"_jetpack_memberships_contains_paid_content":false,"footnotes":"","jetpack_publicize_message":"","jetpack_publicize_feature_enabled":true,"jetpack_social_post_already_shared":true,"jetpack_social_options":{"image_generator_settings":{"template":"highway","default_image_id":0,"font":"","enabled":false},"version":2},"jetpack_post_was_ever_published":false},"categories":[21,3],"tags":[22,25,133],"class_list":["post-72295","post","type-post","status-publish","format-standard","has-post-thumbnail","hentry","category-aguascalientes","category-municipio-aguascalientes","tag-aguascalientes","tag-mpio-aguascalientes","tag-mpio-aguascalientes-sopma"],"jetpack_publicize_connections":[],"jetpack_featured_media_url":"https:\/\/i0.wp.com\/informativoelvalledeaguascalientes.online\/wp-content\/uploads\/2025\/06\/24b4385d-36bf-4fde-8670-bb3eb171957b.jpg?fit=1024%2C1280&ssl=1","jetpack-related-posts":[],"jetpack_sharing_enabled":true,"jetpack_likes_enabled":true,"_links":{"self":[{"href":"https:\/\/informativoelvalledeaguascalientes.online\/index.php?rest_route=\/wp\/v2\/posts\/72295","targetHints":{"allow":["GET"]}}],"collection":[{"href":"https:\/\/informativoelvalledeaguascalientes.online\/index.php?rest_route=\/wp\/v2\/posts"}],"about":[{"href":"https:\/\/informativoelvalledeaguascalientes.online\/index.php?rest_route=\/wp\/v2\/types\/post"}],"author":[{"embeddable":true,"href":"https:\/\/informativoelvalledeaguascalientes.online\/index.php?rest_route=\/wp\/v2\/users\/1"}],"replies":[{"embeddable":true,"href":"https:\/\/informativoelvalledeaguascalientes.online\/index.php?rest_route=%2Fwp%2Fv2%2Fcomments&post=72295"}],"version-history":[{"count":1,"href":"https:\/\/informativoelvalledeaguascalientes.online\/index.php?rest_route=\/wp\/v2\/posts\/72295\/revisions"}],"predecessor-version":[{"id":72297,"href":"https:\/\/informativoelvalledeaguascalientes.online\/index.php?rest_route=\/wp\/v2\/posts\/72295\/revisions\/72297"}],"wp:featuredmedia":[{"embeddable":true,"href":"https:\/\/informativoelvalledeaguascalientes.online\/index.php?rest_route=\/wp\/v2\/media\/72296"}],"wp:attachment":[{"href":"https:\/\/informativoelvalledeaguascalientes.online\/index.php?rest_route=%2Fwp%2Fv2%2Fmedia&parent=72295"}],"wp:term":[{"taxonomy":"category","embeddable":true,"href":"https:\/\/informativoelvalledeaguascalientes.online\/index.php?rest_route=%2Fwp%2Fv2%2Fcategories&post=72295"},{"taxonomy":"post_tag","embeddable":true,"href":"https:\/\/informativoelvalledeaguascalientes.online\/index.php?rest_route=%2Fwp%2Fv2%2Ftags&post=72295"}],"curies":[{"name":"wp","href":"https:\/\/api.w.org\/{rel}","templated":true}]}}