{"id":7229,"date":"2020-06-01T15:55:38","date_gmt":"2020-06-01T21:55:38","guid":{"rendered":"https:\/\/informativoelvalledeaguascalientes.online\/?p=7229"},"modified":"2020-07-30T21:47:17","modified_gmt":"2020-07-31T03:47:17","slug":"urgente-reactivacion-economica-en-el-pais-tono-martin-del-campo","status":"publish","type":"post","link":"https:\/\/informativoelvalledeaguascalientes.online\/?p=7229","title":{"rendered":"URGENTE REACTIVACI\u00d3N ECON\u00d3MICA EN EL PA\u00cdS: TO\u00d1O MART\u00cdN DEL CAMPO"},"content":{"rendered":"<ul>\n<li><strong>En reuni\u00f3n con el presidente de la COPARMEX se acord\u00f3 impulsar acciones conjuntas a favor del sector empresarial<\/strong><\/li>\n<\/ul>\n<p><strong>\u00a0<\/strong><\/p>\n<ul>\n<li><strong>Preocupante el poco inter\u00e9s del Gobierno Federal por apoyar esta causa<\/strong><\/li>\n<\/ul>\n<p>&nbsp;<\/p>\n<ul>\n<li><strong>De no actuarse oportunamente, se vislumbra un repunte en la inseguridad en M\u00e9xico<\/strong><\/li>\n<\/ul>\n<p>&nbsp;<\/p>\n<p>Como muestra de su gran compromiso con M\u00e9xico y su gente y preocupado por la dif\u00edcil situaci\u00f3n por la que actualmente atravesamos en materia de salud, econom\u00eda y seguridad, el Senador por Aguascalientes, To\u00f1o Mart\u00edn del Campo expres\u00f3 su inter\u00e9s por promover acciones que garanticen la estabilidad de todos los sectores; as\u00ed lo dio a conocer en reuni\u00f3n con Ra\u00fal Gonz\u00e1lez Alonso, presidente de la Confederaci\u00f3n Patronal \u00a0de la Rep\u00fablica Mexicana (COPARMEX) en Aguascalientes.<\/p>\n<p>&nbsp;<\/p>\n<p>Durante el encuentro acordaron trabajar coordinadamente en el desarrollo de mecanismos que permitan la reactivaci\u00f3n econ\u00f3mica a nivel nacional pero sobre todo en nuestro estado, tomando en cuenta en todo momento las recomendaciones por parte de las autoridades de salud para evitar riesgos.<\/p>\n<p>&nbsp;<\/p>\n<p>Mart\u00edn del Campo ofreci\u00f3 apoyo irrestricto desde el Senado hacia el empresariado local que desafortunadamente ha sufrido de los estragos de esta pandemia que ha dejado a cientos de trabajadores sin empleo y por ende sin sustento para sus familias.<\/p>\n<p>&nbsp;<\/p>\n<p>Asimismo, hizo hincapi\u00e9 en la necesidad de que el Gobierno Federal posponga la ejecuci\u00f3n de proyectos como la Refiner\u00eda de Dos Bocas y la construcci\u00f3n del Aeropuerto de Santa Luc\u00eda, cuyas inversiones millonarias podr\u00edan ser destinadas en gran medida al desarrollo de proyectos para la reactivaci\u00f3n econ\u00f3mica de nuestro pa\u00eds.<\/p>\n<p>&nbsp;<\/p>\n<p>En este sentido, Ra\u00fal Gonz\u00e1lez Alonso manifest\u00f3 que lejos de representar un apoyo, el Gobierno Federal est\u00e1 actuando como un obst\u00e1culo para los empresarios al impedir la inyecci\u00f3n de recursos indispensables para que los negocios puedan volver a funcionar luego del periodo de confinamiento e insisti\u00f3 que de no actuarse oportunamente, la recesi\u00f3n econ\u00f3mica podr\u00eda derivar en una crisis en materia de seguridad debido al creciente \u00edndice de desempleos producto de la pandemia en todo el territorio nacional.<\/p>\n<p>&nbsp;<\/p>\n<p>De igual forma, el titular de la COPARMEX en Aguascalientes reconoci\u00f3 la disposici\u00f3n que ha mostrado siempre Mart\u00edn del Campo por brindar en todo momento su total apoyo a la ciudadan\u00eda y en este caso, al sector empresarial.<\/p>\n<p><em>\u00a0<\/em><\/p>\n<p>Al t\u00e9rmino de la reuni\u00f3n ambas partes dejaron de manifiesto el mutuo inter\u00e9s de trabajar coordinadamente para impulsar iniciativas que garanticen el bienestar tanto de los gobiernos como de la sociedad en su conjunto.<\/p>\n<p>&nbsp;<\/p>\n","protected":false},"excerpt":{"rendered":"<p>En reuni\u00f3n con el presidente de la COPARMEX se acord\u00f3 impulsar acciones conjuntas a favor del sector empresarial \u00a0 Preocupante el poco inter\u00e9s del Gobierno Federal por apoyar esta causa &nbsp; De no actuarse oportunamente, se vislumbra un repunte en la inseguridad en M\u00e9xico &nbsp; Como muestra de su gran compromiso con M\u00e9xico y su [&hellip;]<\/p>\n","protected":false},"author":1,"featured_media":7230,"comment_status":"closed","ping_status":"open","sticky":false,"template":"","format":"standard","meta":{"advanced_seo_description":"","jetpack_seo_html_title":"","jetpack_seo_noindex":false,"_jetpack_memberships_contains_paid_content":false,"footnotes":"","jetpack_publicize_message":"","jetpack_publicize_feature_enabled":true,"jetpack_social_post_already_shared":true,"jetpack_social_options":{"image_generator_settings":{"template":"highway","default_image_id":0,"font":"","enabled":false},"version":2}},"categories":[21,7],"tags":[22,23,49],"class_list":["post-7229","post","type-post","status-publish","format-standard","has-post-thumbnail","hentry","category-aguascalientes","category-pan-aguascalientes","tag-aguascalientes","tag-pan-aguascalientes","tag-tono-martin-del-campo"],"jetpack_publicize_connections":[],"jetpack_featured_media_url":"https:\/\/i0.wp.com\/informativoelvalledeaguascalientes.online\/wp-content\/uploads\/2020\/06\/tmc_01062020.jpg?fit=938%2C631&ssl=1","jetpack-related-posts":[],"jetpack_sharing_enabled":true,"jetpack_likes_enabled":true,"_links":{"self":[{"href":"https:\/\/informativoelvalledeaguascalientes.online\/index.php?rest_route=\/wp\/v2\/posts\/7229","targetHints":{"allow":["GET"]}}],"collection":[{"href":"https:\/\/informativoelvalledeaguascalientes.online\/index.php?rest_route=\/wp\/v2\/posts"}],"about":[{"href":"https:\/\/informativoelvalledeaguascalientes.online\/index.php?rest_route=\/wp\/v2\/types\/post"}],"author":[{"embeddable":true,"href":"https:\/\/informativoelvalledeaguascalientes.online\/index.php?rest_route=\/wp\/v2\/users\/1"}],"replies":[{"embeddable":true,"href":"https:\/\/informativoelvalledeaguascalientes.online\/index.php?rest_route=%2Fwp%2Fv2%2Fcomments&post=7229"}],"version-history":[{"count":1,"href":"https:\/\/informativoelvalledeaguascalientes.online\/index.php?rest_route=\/wp\/v2\/posts\/7229\/revisions"}],"predecessor-version":[{"id":7231,"href":"https:\/\/informativoelvalledeaguascalientes.online\/index.php?rest_route=\/wp\/v2\/posts\/7229\/revisions\/7231"}],"wp:featuredmedia":[{"embeddable":true,"href":"https:\/\/informativoelvalledeaguascalientes.online\/index.php?rest_route=\/wp\/v2\/media\/7230"}],"wp:attachment":[{"href":"https:\/\/informativoelvalledeaguascalientes.online\/index.php?rest_route=%2Fwp%2Fv2%2Fmedia&parent=7229"}],"wp:term":[{"taxonomy":"category","embeddable":true,"href":"https:\/\/informativoelvalledeaguascalientes.online\/index.php?rest_route=%2Fwp%2Fv2%2Fcategories&post=7229"},{"taxonomy":"post_tag","embeddable":true,"href":"https:\/\/informativoelvalledeaguascalientes.online\/index.php?rest_route=%2Fwp%2Fv2%2Ftags&post=7229"}],"curies":[{"name":"wp","href":"https:\/\/api.w.org\/{rel}","templated":true}]}}