{"id":72275,"date":"2025-06-16T22:04:11","date_gmt":"2025-06-17T04:04:11","guid":{"rendered":"https:\/\/informativoelvalledeaguascalientes.online\/?p=72275"},"modified":"2025-06-16T22:04:11","modified_gmt":"2025-06-17T04:04:11","slug":"homenajea-y-convive-el-contralor-juan-pablo-diosdado-con-los-colaboradores-de-la-contraloria-con-motivo-de-la-celebracion-del-dia-del-padre","status":"publish","type":"post","link":"https:\/\/informativoelvalledeaguascalientes.online\/?p=72275","title":{"rendered":"HOMENAJEA Y CONVIVE EL CONTRALOR JUAN PABLO DIOSDADO CON LOS COLABORADORES DE LA CONTRALOR\u00cdA CON MOTIVO DE LA CELEBRACI\u00d3N DEL D\u00cdA DEL PADRE"},"content":{"rendered":"<p>#informativoelvalledeaguascalientes #novaradioaguascalientes #informativoelvalledeaguascalientesll #Aguascalientes<\/p>\n<p>&nbsp;<\/p>\n<p>&nbsp;<\/p>\n<p>\u00a1Feliz D\u00eda del Padre!, a todos los colaboradores y amigos de la Contralor\u00eda del Estado. Hoy refrendamos nuestro compromiso de trabajar con la gu\u00eda de nuestra gobernadora Tere Jim\u00e9nez, para seguir consolidando #ElGiganteDeM\u00e9xico para nuestro Aguascalientes, puntualiz\u00f3 Juan Pablo Diosdado.<\/p>\n<p>Tras las labores con motivo de la celebraci\u00f3n del d\u00eda del Padre, el Contralor Juan Pablo Diosdado, se re\u00fane con el gran equipo de seres humanos que encabeza, adem\u00e1s de reconocer que, con su esfuerzo d\u00eda a d\u00eda abonan al trabajo productivo y de objetivos de la instituci\u00f3n.<\/p>\n<p>\u201cSigamos trabajando #SiempreJuntos, con la misma pasi\u00f3n y dedicaci\u00f3n, para hacer de nuestra Contralor\u00eda un lugar de excelencia y confianza\u201d, afirm\u00f3.<\/p>\n<p>La convivencia con los colaboradores fortalece lazos de amistad como equipo de trabajo de la Contralor\u00eda, en el que valoramos los momentos compartidos y tambi\u00e9n para reconocer el rol que implica ser padre, no solo para cuidar y guiar a nuestros hijos, sino tambi\u00e9n para ser: un ejemplo de integridad y trabajo positivo por Aguascalientes.<\/p>\n<p>RECONOCIMIENTO ESPECIAL POR 30 A\u00d1OS DE TRAYECTORIA<\/p>\n<p>En el evento el Contralor Juan Pablo, tuvo la oportunidad de saludar y hacer un merecido reconocimiento a la trayectoria laboral intachable de \u201cGoyito\u201d, Gregorio Gonz\u00e1lez Guerrero, con motivo de sus 30 a\u00f1os de servicio en la Contralor\u00eda del Estado, retir\u00e1ndose a disfrutar de su jubilaci\u00f3n y dej\u00e1ndonos un gran ejemplo de entrega y pasi\u00f3n por sus actividades laborales.<\/p>\n<p>\u201cTu paso e historia por esta dependencia deja una huella imborrable. M\u00e1s all\u00e1 de tus labores, eres un ejemplo de constancia, disciplina y compa\u00f1erismo. Tu legado quedar\u00e1 presente en la memoria de quienes tenemos el privilegio de ser tus amigos y de poder trabajar contigo. Gracias Goyito\u201d, concluye Juan Pablo.<\/p>\n","protected":false},"excerpt":{"rendered":"<p>#informativoelvalledeaguascalientes #novaradioaguascalientes #informativoelvalledeaguascalientesll #Aguascalientes &nbsp; &nbsp; \u00a1Feliz D\u00eda del Padre!, a todos los colaboradores y amigos de la Contralor\u00eda del Estado. Hoy refrendamos nuestro compromiso de trabajar con la gu\u00eda de nuestra gobernadora Tere Jim\u00e9nez, para seguir consolidando #ElGiganteDeM\u00e9xico para nuestro Aguascalientes, puntualiz\u00f3 Juan Pablo Diosdado. Tras las labores con motivo de la celebraci\u00f3n del [&hellip;]<\/p>\n","protected":false},"author":1,"featured_media":72276,"comment_status":"closed","ping_status":"open","sticky":false,"template":"","format":"standard","meta":{"advanced_seo_description":"","jetpack_seo_html_title":"","jetpack_seo_noindex":false,"_jetpack_memberships_contains_paid_content":false,"footnotes":"","jetpack_publicize_message":"","jetpack_publicize_feature_enabled":true,"jetpack_social_post_already_shared":true,"jetpack_social_options":{"image_generator_settings":{"template":"highway","default_image_id":0,"font":"","enabled":false},"version":2}},"categories":[21,4],"tags":[22,405,615],"class_list":["post-72275","post","type-post","status-publish","format-standard","has-post-thumbnail","hentry","category-aguascalientes","category-gobierno-del-estado-aguascalientes","tag-aguascalientes","tag-contraloria-del-estado-de-aguascalientes","tag-gobierno-del-estado-de-aguascalientes"],"jetpack_publicize_connections":[],"jetpack_featured_media_url":"https:\/\/i0.wp.com\/informativoelvalledeaguascalientes.online\/wp-content\/uploads\/2025\/06\/21fef295-a363-47fa-b902-367f8fcac501.jpg?fit=1600%2C595&ssl=1","jetpack-related-posts":[],"jetpack_sharing_enabled":true,"jetpack_likes_enabled":true,"_links":{"self":[{"href":"https:\/\/informativoelvalledeaguascalientes.online\/index.php?rest_route=\/wp\/v2\/posts\/72275","targetHints":{"allow":["GET"]}}],"collection":[{"href":"https:\/\/informativoelvalledeaguascalientes.online\/index.php?rest_route=\/wp\/v2\/posts"}],"about":[{"href":"https:\/\/informativoelvalledeaguascalientes.online\/index.php?rest_route=\/wp\/v2\/types\/post"}],"author":[{"embeddable":true,"href":"https:\/\/informativoelvalledeaguascalientes.online\/index.php?rest_route=\/wp\/v2\/users\/1"}],"replies":[{"embeddable":true,"href":"https:\/\/informativoelvalledeaguascalientes.online\/index.php?rest_route=%2Fwp%2Fv2%2Fcomments&post=72275"}],"version-history":[{"count":1,"href":"https:\/\/informativoelvalledeaguascalientes.online\/index.php?rest_route=\/wp\/v2\/posts\/72275\/revisions"}],"predecessor-version":[{"id":72277,"href":"https:\/\/informativoelvalledeaguascalientes.online\/index.php?rest_route=\/wp\/v2\/posts\/72275\/revisions\/72277"}],"wp:featuredmedia":[{"embeddable":true,"href":"https:\/\/informativoelvalledeaguascalientes.online\/index.php?rest_route=\/wp\/v2\/media\/72276"}],"wp:attachment":[{"href":"https:\/\/informativoelvalledeaguascalientes.online\/index.php?rest_route=%2Fwp%2Fv2%2Fmedia&parent=72275"}],"wp:term":[{"taxonomy":"category","embeddable":true,"href":"https:\/\/informativoelvalledeaguascalientes.online\/index.php?rest_route=%2Fwp%2Fv2%2Fcategories&post=72275"},{"taxonomy":"post_tag","embeddable":true,"href":"https:\/\/informativoelvalledeaguascalientes.online\/index.php?rest_route=%2Fwp%2Fv2%2Ftags&post=72275"}],"curies":[{"name":"wp","href":"https:\/\/api.w.org\/{rel}","templated":true}]}}