{"id":72236,"date":"2025-06-16T20:53:22","date_gmt":"2025-06-17T02:53:22","guid":{"rendered":"https:\/\/informativoelvalledeaguascalientes.online\/?p=72236"},"modified":"2025-06-16T20:53:22","modified_gmt":"2025-06-17T02:53:22","slug":"sipinna-aguascalientes-reconoce-a-ninas-ninos-y-adolescentes-que-participaron-en-la-campana-para-que-sus-suenos-se-cumplan","status":"publish","type":"post","link":"https:\/\/informativoelvalledeaguascalientes.online\/?p=72236","title":{"rendered":"SIPINNA AGUASCALIENTES RECONOCE A NI\u00d1AS, NI\u00d1OS Y ADOLESCENTES QUE PARTICIPARON EN LA CAMPA\u00d1A \u201cPARA QUE SUS SUE\u00d1OS SE CUMPLAN\u201d"},"content":{"rendered":"<p>#informativoelvalledeaguascalientes #novaradioaguascalientes #informativoelvalledeaguascalientesll #Aguascalientes<\/p>\n<p>&nbsp;<\/p>\n<p style=\"font-weight: 400;\"><strong>\u00a0<\/strong><\/p>\n<ul>\n<li style=\"font-weight: 400;\">\u00a0<strong><em>Concluy\u00f3 la grabaci\u00f3n de las c\u00e1psulas correspondientes a los 24 derechos que tienen ni\u00f1as, ni\u00f1os y adolescentes en Aguascalientes.<\/em><\/strong><\/li>\n<\/ul>\n<p style=\"font-weight: 400;\">\n<p style=\"font-weight: 400;\">La Secretar\u00eda Ejecutiva del Sistema de Protecci\u00f3n Integral de los Derechos de Ni\u00f1as, Ni\u00f1os y Adolescentes del Estado (Sipinna) entreg\u00f3 reconocimientos a las actrices y los actores que participaron en la campa\u00f1a \u201cNi\u00f1as, Ni\u00f1os y Adolescentes: Para que sus Sue\u00f1os se Cumplan\u201d, mediante la cual se est\u00e1n difundiendo los 24 derechos que tienen estos sectores de la poblaci\u00f3n en Aguascalientes.<\/p>\n<p style=\"font-weight: 400;\">\n<p style=\"font-weight: 400;\">Durante el evento, efectuado en el Auditorio del Instituto Aguascalentense de la Juventud (Iaju), el subsecretario de Gobierno, Manuel Cortina Reynoso, en representaci\u00f3n del secretario general de Gobierno, Jos\u00e9 Antonio Ar\u00e1mbula L\u00f3pez, se\u00f1al\u00f3 que en la administraci\u00f3n de la gobernadora Tere Jim\u00e9nez \u201ctrabajamos todos los d\u00edas para garantizar que cada derecho se respeto y se proteja; estamos comprometidos con una ni\u00f1ez feliz, segura y con oportunidades\u201d, dijo.<\/p>\n<p style=\"font-weight: 400;\">\n<p style=\"font-weight: 400;\">Exhort\u00f3 a las y los participantes a que repliquen lo que aprendieron, a que sean tambi\u00e9n los defensores de los sue\u00f1os de otras ni\u00f1as, ni\u00f1os y adolescentes, adem\u00e1s de se\u00f1alar que con su voz, talento y ejemplo est\u00e1n ayudando a construir un Aguascalientes m\u00e1s justo, m\u00e1s fuerte y m\u00e1s humano.<\/p>\n<p style=\"font-weight: 400;\">\n<p style=\"font-weight: 400;\">A nombre de las actrices y los actores, Jos\u00e9 Fernando Hern\u00e1ndez Campogarrido, agradeci\u00f3 la oportunidad de participar en este tipo de proyectos y record\u00f3 las vivencias que tuvieron desde la realizaci\u00f3n del casting, al tiempo que pidi\u00f3 a sus pares seguir difundiendo los derechos que tienen para que sean respetados por la poblaci\u00f3n.<\/p>\n<p style=\"font-weight: 400;\">\n<p style=\"font-weight: 400;\">Por su parte, la secretaria ejecutiva del estado de Sipinna, Blanca Rivera Rio Flores, agradeci\u00f3 a las actrices ya los actores por ser el alma de este proyecto y convertirse en los promotores de sus propios derechos; a sus familiares por la confianza que tuvieron en la instituci\u00f3n, as\u00ed como a Radio y Televisi\u00f3n de Aguascalientes (RyTA), al Instituto Cultural de Aguascalientes (ICA), y a la Secretar\u00eda de Comunicaci\u00f3n y Vocer\u00eda de Gobierno (Secovog) por su apoyo al proyecto.<\/p>\n<p style=\"font-weight: 400;\">\n<p style=\"font-weight: 400;\">Asimismo, el director general de RyTA, Alberto Romero Garza, demostr\u00f3 que difundir los derechos de ni\u00f1as, ni\u00f1os y adolescentes no s\u00f3lo es una tarea institucional o un mandato legal, sino que es un acto de justicia, de empat\u00eda y de construcci\u00f3n de futuro; \u201ces formar generaciones que sepan que tienen derecho a crecer con amor, con respeto y con oportunidades\u201d.<\/p>\n<p style=\"font-weight: 400;\">\n<p style=\"font-weight: 400;\">Tambi\u00e9n refiri\u00f3 que gracias al trabajo de las y los participantes, la campa\u00f1a fue nominada a los Premios TAL 2024 que reconocen lo mejor de las televisoras p\u00fablicas y culturales de Am\u00e9rica Latina, \u201clo que refleja su excelencia profesional y su capacidad para conectarse con el p\u00fablico desde lo humano\u201d, dijo.<\/p>\n<p style=\"font-weight: 400;\">\n<p style=\"font-weight: 400;\">En el evento, en el que estuvieron presentes las y los actores de las c\u00e1psulas, as\u00ed como sus mam\u00e1s, pap\u00e1s y familiares, adem\u00e1s de directores de \u00e1rea y colaboradores del Sipinna estatal, tambi\u00e9n se entregaron reconocimientos a las personas, instituciones y empresas que colaboraron en la realizaci\u00f3n de las grabaciones.<\/p>\n<p style=\"font-weight: 400;\">\n","protected":false},"excerpt":{"rendered":"<p>#informativoelvalledeaguascalientes #novaradioaguascalientes #informativoelvalledeaguascalientesll #Aguascalientes &nbsp; \u00a0 \u00a0Concluy\u00f3 la grabaci\u00f3n de las c\u00e1psulas correspondientes a los 24 derechos que tienen ni\u00f1as, ni\u00f1os y adolescentes en Aguascalientes. La Secretar\u00eda Ejecutiva del Sistema de Protecci\u00f3n Integral de los Derechos de Ni\u00f1as, Ni\u00f1os y Adolescentes del Estado (Sipinna) entreg\u00f3 reconocimientos a las actrices y los actores que participaron en [&hellip;]<\/p>\n","protected":false},"author":1,"featured_media":72237,"comment_status":"closed","ping_status":"open","sticky":false,"template":"","format":"standard","meta":{"advanced_seo_description":"","jetpack_seo_html_title":"","jetpack_seo_noindex":false,"_jetpack_memberships_contains_paid_content":false,"footnotes":"","jetpack_publicize_message":"","jetpack_publicize_feature_enabled":true,"jetpack_social_post_already_shared":true,"jetpack_social_options":{"image_generator_settings":{"template":"highway","default_image_id":0,"font":"","enabled":false},"version":2}},"categories":[21,4],"tags":[22,615,658],"class_list":["post-72236","post","type-post","status-publish","format-standard","has-post-thumbnail","hentry","category-aguascalientes","category-gobierno-del-estado-aguascalientes","tag-aguascalientes","tag-gobierno-del-estado-de-aguascalientes","tag-sipinna-aguascalientes"],"jetpack_publicize_connections":[],"jetpack_featured_media_url":"https:\/\/i0.wp.com\/informativoelvalledeaguascalientes.online\/wp-content\/uploads\/2025\/06\/SIPINNA-ENTREGA-DE-RECONOCIMIENTOS-CAMPANA-81.jpg?fit=1024%2C683&ssl=1","jetpack-related-posts":[],"jetpack_sharing_enabled":true,"jetpack_likes_enabled":true,"_links":{"self":[{"href":"https:\/\/informativoelvalledeaguascalientes.online\/index.php?rest_route=\/wp\/v2\/posts\/72236","targetHints":{"allow":["GET"]}}],"collection":[{"href":"https:\/\/informativoelvalledeaguascalientes.online\/index.php?rest_route=\/wp\/v2\/posts"}],"about":[{"href":"https:\/\/informativoelvalledeaguascalientes.online\/index.php?rest_route=\/wp\/v2\/types\/post"}],"author":[{"embeddable":true,"href":"https:\/\/informativoelvalledeaguascalientes.online\/index.php?rest_route=\/wp\/v2\/users\/1"}],"replies":[{"embeddable":true,"href":"https:\/\/informativoelvalledeaguascalientes.online\/index.php?rest_route=%2Fwp%2Fv2%2Fcomments&post=72236"}],"version-history":[{"count":1,"href":"https:\/\/informativoelvalledeaguascalientes.online\/index.php?rest_route=\/wp\/v2\/posts\/72236\/revisions"}],"predecessor-version":[{"id":72238,"href":"https:\/\/informativoelvalledeaguascalientes.online\/index.php?rest_route=\/wp\/v2\/posts\/72236\/revisions\/72238"}],"wp:featuredmedia":[{"embeddable":true,"href":"https:\/\/informativoelvalledeaguascalientes.online\/index.php?rest_route=\/wp\/v2\/media\/72237"}],"wp:attachment":[{"href":"https:\/\/informativoelvalledeaguascalientes.online\/index.php?rest_route=%2Fwp%2Fv2%2Fmedia&parent=72236"}],"wp:term":[{"taxonomy":"category","embeddable":true,"href":"https:\/\/informativoelvalledeaguascalientes.online\/index.php?rest_route=%2Fwp%2Fv2%2Fcategories&post=72236"},{"taxonomy":"post_tag","embeddable":true,"href":"https:\/\/informativoelvalledeaguascalientes.online\/index.php?rest_route=%2Fwp%2Fv2%2Ftags&post=72236"}],"curies":[{"name":"wp","href":"https:\/\/api.w.org\/{rel}","templated":true}]}}