{"id":72214,"date":"2025-06-15T21:17:09","date_gmt":"2025-06-16T03:17:09","guid":{"rendered":"https:\/\/informativoelvalledeaguascalientes.online\/?p=72214"},"modified":"2025-06-15T21:17:09","modified_gmt":"2025-06-16T03:17:09","slug":"la-directora-del-centro-de-justicia-para-mujeres-mabel-haro-participo-en-el-conversatorio-titulado-proyecto-de-protocolo-para-el-manejo-interinstitucional-de-las-personas-en-situacion-de-ca","status":"publish","type":"post","link":"https:\/\/informativoelvalledeaguascalientes.online\/?p=72214","title":{"rendered":"La directora del Centro de Justicia para Mujeres, Mabel Haro, particip\u00f3 en el conversatorio titulado \u201cProyecto de Protocolo para el Manejo Interinstitucional de las Personas en Situaci\u00f3n de Calle y Abandono Social"},"content":{"rendered":"<p>#informativoelvalledeaguascalientes #novaradioaguascalientes #informativoelvalledeaguascalientesll #Aguascalientes<\/p>\n<p>&nbsp;<\/p>\n<p>&nbsp;<\/p>\n<p>La directora del Centro de Justicia para Mujeres, Mabel Haro, particip\u00f3 en el conversatorio titulado \u201cProyecto de Protocolo para el Manejo Interinstitucional de las Personas en Situaci\u00f3n de Calle y Abandono Social\u201d, organizado por el Centro Estatal de Salud Mental \u201cAgua Clara\u201d.<\/p>\n<p>Este evento reuni\u00f3 a especialistas, autoridades y representantes de distintas instituciones comprometidas con la atenci\u00f3n y protecci\u00f3n de las personas en situaci\u00f3n de calle y en abandono social, con el objetivo de fortalecer la colaboraci\u00f3n interinstitucional y definir acciones conjuntas que permitan brindar una atenci\u00f3n integral y humanitaria.<\/p>\n<p>f<br \/>\nDurante su participaci\u00f3n, la directora destac\u00f3 la importancia de contar con protocolos claros y coordinados que faciliten la atenci\u00f3n adecuada a estas personas, garantizando sus derechos y promoviendo su bienestar. Asimismo, subray\u00f3 el compromiso del Centro de Justicia para Mujeres en colaborar con otras instituciones para ofrecer soluciones integrales que aborden las diversas necesidades de las personas en situaci\u00f3n de vulnerabilidad.<\/p>\n","protected":false},"excerpt":{"rendered":"<p>#informativoelvalledeaguascalientes #novaradioaguascalientes #informativoelvalledeaguascalientesll #Aguascalientes &nbsp; &nbsp; La directora del Centro de Justicia para Mujeres, Mabel Haro, particip\u00f3 en el conversatorio titulado \u201cProyecto de Protocolo para el Manejo Interinstitucional de las Personas en Situaci\u00f3n de Calle y Abandono Social\u201d, organizado por el Centro Estatal de Salud Mental \u201cAgua Clara\u201d. Este evento reuni\u00f3 a especialistas, autoridades y [&hellip;]<\/p>\n","protected":false},"author":1,"featured_media":72215,"comment_status":"closed","ping_status":"open","sticky":false,"template":"","format":"standard","meta":{"advanced_seo_description":"","jetpack_seo_html_title":"","jetpack_seo_noindex":false,"_jetpack_memberships_contains_paid_content":false,"footnotes":"","jetpack_publicize_message":"","jetpack_publicize_feature_enabled":true,"jetpack_social_post_already_shared":true,"jetpack_social_options":{"image_generator_settings":{"template":"highway","default_image_id":0,"font":"","enabled":false},"version":2}},"categories":[21,952,4],"tags":[22,926,331,615],"class_list":["post-72214","post","type-post","status-publish","format-standard","has-post-thumbnail","hentry","category-aguascalientes","category-fgea","category-gobierno-del-estado-aguascalientes","tag-aguascalientes","tag-fgea","tag-fiscalia-general-del-estado-de-aguascalientes","tag-gobierno-del-estado-de-aguascalientes"],"jetpack_publicize_connections":[],"jetpack_featured_media_url":"https:\/\/i0.wp.com\/informativoelvalledeaguascalientes.online\/wp-content\/uploads\/2025\/06\/b2fafbdd-a95a-4e1a-bdcc-c3a7cb8887b6.jpg?fit=1280%2C960&ssl=1","jetpack-related-posts":[],"jetpack_sharing_enabled":true,"jetpack_likes_enabled":true,"_links":{"self":[{"href":"https:\/\/informativoelvalledeaguascalientes.online\/index.php?rest_route=\/wp\/v2\/posts\/72214","targetHints":{"allow":["GET"]}}],"collection":[{"href":"https:\/\/informativoelvalledeaguascalientes.online\/index.php?rest_route=\/wp\/v2\/posts"}],"about":[{"href":"https:\/\/informativoelvalledeaguascalientes.online\/index.php?rest_route=\/wp\/v2\/types\/post"}],"author":[{"embeddable":true,"href":"https:\/\/informativoelvalledeaguascalientes.online\/index.php?rest_route=\/wp\/v2\/users\/1"}],"replies":[{"embeddable":true,"href":"https:\/\/informativoelvalledeaguascalientes.online\/index.php?rest_route=%2Fwp%2Fv2%2Fcomments&post=72214"}],"version-history":[{"count":1,"href":"https:\/\/informativoelvalledeaguascalientes.online\/index.php?rest_route=\/wp\/v2\/posts\/72214\/revisions"}],"predecessor-version":[{"id":72216,"href":"https:\/\/informativoelvalledeaguascalientes.online\/index.php?rest_route=\/wp\/v2\/posts\/72214\/revisions\/72216"}],"wp:featuredmedia":[{"embeddable":true,"href":"https:\/\/informativoelvalledeaguascalientes.online\/index.php?rest_route=\/wp\/v2\/media\/72215"}],"wp:attachment":[{"href":"https:\/\/informativoelvalledeaguascalientes.online\/index.php?rest_route=%2Fwp%2Fv2%2Fmedia&parent=72214"}],"wp:term":[{"taxonomy":"category","embeddable":true,"href":"https:\/\/informativoelvalledeaguascalientes.online\/index.php?rest_route=%2Fwp%2Fv2%2Fcategories&post=72214"},{"taxonomy":"post_tag","embeddable":true,"href":"https:\/\/informativoelvalledeaguascalientes.online\/index.php?rest_route=%2Fwp%2Fv2%2Ftags&post=72214"}],"curies":[{"name":"wp","href":"https:\/\/api.w.org\/{rel}","templated":true}]}}