{"id":72202,"date":"2025-06-15T20:41:02","date_gmt":"2025-06-16T02:41:02","guid":{"rendered":"https:\/\/informativoelvalledeaguascalientes.online\/?p=72202"},"modified":"2025-06-15T20:41:19","modified_gmt":"2025-06-16T02:41:19","slug":"mucho-exito-a-camila-aguilera-montanez-y-daniela-lopez-de-la-rosa","status":"publish","type":"post","link":"https:\/\/informativoelvalledeaguascalientes.online\/?p=72202","title":{"rendered":"Mucho \u00e9xito a Camila Aguilera Monta\u00f1ez y Daniela L\u00f3pez de la Rosa"},"content":{"rendered":"<p>#informativoelvalledeaguascalientes #novaradioaguascalientes #informativoelvalledeaguascalientesll #Aguascalientes<\/p>\n<p>&nbsp;<\/p>\n<p>&nbsp;<\/p>\n<p>Mucho \u00e9xito a Camila Aguilera Monta\u00f1ez y Daniela L\u00f3pez de la Rosa<\/p>\n<p>Las talentosas aguascalentenses forman parte de la selecci\u00f3n nacional de M\u00e9xico que competir\u00e1 en el Mundial de Handball de Playa en T\u00fanez.<\/p>\n<p>\u00a1Estamos orgullosos de ustedes! \u00a1A brillar en la arena!<br \/>\n#GigantesDelDeporte<\/p>\n","protected":false},"excerpt":{"rendered":"<p>#informativoelvalledeaguascalientes #novaradioaguascalientes #informativoelvalledeaguascalientesll #Aguascalientes &nbsp; &nbsp; Mucho \u00e9xito a Camila Aguilera Monta\u00f1ez y Daniela L\u00f3pez de la Rosa Las talentosas aguascalentenses forman parte de la selecci\u00f3n nacional de M\u00e9xico que competir\u00e1 en el Mundial de Handball de Playa en T\u00fanez. \u00a1Estamos orgullosos de ustedes! \u00a1A brillar en la arena! #GigantesDelDeporte<\/p>\n","protected":false},"author":1,"featured_media":72203,"comment_status":"closed","ping_status":"open","sticky":false,"template":"","format":"standard","meta":{"advanced_seo_description":"","jetpack_seo_html_title":"","jetpack_seo_noindex":false,"_jetpack_memberships_contains_paid_content":false,"footnotes":"","jetpack_publicize_message":"","jetpack_publicize_feature_enabled":true,"jetpack_social_post_already_shared":true,"jetpack_social_options":{"image_generator_settings":{"template":"highway","default_image_id":0,"font":"","enabled":false},"version":2}},"categories":[21,4],"tags":[22,615,113],"class_list":["post-72202","post","type-post","status-publish","format-standard","has-post-thumbnail","hentry","category-aguascalientes","category-gobierno-del-estado-aguascalientes","tag-aguascalientes","tag-gobierno-del-estado-de-aguascalientes","tag-idea"],"jetpack_publicize_connections":[],"jetpack_featured_media_url":"https:\/\/i0.wp.com\/informativoelvalledeaguascalientes.online\/wp-content\/uploads\/2025\/06\/cd8851e1-1629-4c80-b915-a7583404e083.jpg?fit=1200%2C1600&ssl=1","jetpack-related-posts":[],"jetpack_sharing_enabled":true,"jetpack_likes_enabled":true,"_links":{"self":[{"href":"https:\/\/informativoelvalledeaguascalientes.online\/index.php?rest_route=\/wp\/v2\/posts\/72202","targetHints":{"allow":["GET"]}}],"collection":[{"href":"https:\/\/informativoelvalledeaguascalientes.online\/index.php?rest_route=\/wp\/v2\/posts"}],"about":[{"href":"https:\/\/informativoelvalledeaguascalientes.online\/index.php?rest_route=\/wp\/v2\/types\/post"}],"author":[{"embeddable":true,"href":"https:\/\/informativoelvalledeaguascalientes.online\/index.php?rest_route=\/wp\/v2\/users\/1"}],"replies":[{"embeddable":true,"href":"https:\/\/informativoelvalledeaguascalientes.online\/index.php?rest_route=%2Fwp%2Fv2%2Fcomments&post=72202"}],"version-history":[{"count":1,"href":"https:\/\/informativoelvalledeaguascalientes.online\/index.php?rest_route=\/wp\/v2\/posts\/72202\/revisions"}],"predecessor-version":[{"id":72204,"href":"https:\/\/informativoelvalledeaguascalientes.online\/index.php?rest_route=\/wp\/v2\/posts\/72202\/revisions\/72204"}],"wp:featuredmedia":[{"embeddable":true,"href":"https:\/\/informativoelvalledeaguascalientes.online\/index.php?rest_route=\/wp\/v2\/media\/72203"}],"wp:attachment":[{"href":"https:\/\/informativoelvalledeaguascalientes.online\/index.php?rest_route=%2Fwp%2Fv2%2Fmedia&parent=72202"}],"wp:term":[{"taxonomy":"category","embeddable":true,"href":"https:\/\/informativoelvalledeaguascalientes.online\/index.php?rest_route=%2Fwp%2Fv2%2Fcategories&post=72202"},{"taxonomy":"post_tag","embeddable":true,"href":"https:\/\/informativoelvalledeaguascalientes.online\/index.php?rest_route=%2Fwp%2Fv2%2Ftags&post=72202"}],"curies":[{"name":"wp","href":"https:\/\/api.w.org\/{rel}","templated":true}]}}