{"id":72132,"date":"2025-06-15T00:01:55","date_gmt":"2025-06-15T06:01:55","guid":{"rendered":"https:\/\/informativoelvalledeaguascalientes.online\/?p=72132"},"modified":"2025-06-15T00:01:55","modified_gmt":"2025-06-15T06:01:55","slug":"tere-jimenez-pone-en-marcha-el-programa-de-empleo-temporal-y-entrega-apoyo-a-productores-en-el-llano-y-san-francisco-de-los-romo","status":"publish","type":"post","link":"https:\/\/informativoelvalledeaguascalientes.online\/?p=72132","title":{"rendered":"TERE JIM\u00c9NEZ PONE EN MARCHA EL PROGRAMA DE EMPLEO TEMPORAL Y ENTREGA APOYO A PRODUCTORES EN EL LLANO Y SAN FRANCISCO DE LOS ROMO"},"content":{"rendered":"<p>#informativoelvalledeaguascalientes #novaradioaguascalientes #informativoelvalledeaguascalientesll #Aguascalientes<\/p>\n<p>&nbsp;<\/p>\n<p>*Los apoyos entregados corresponden a los programas de Semilla Mejorada de Ma\u00edz y Frijol de Temporal; Apoyo de Composta; Empleo Temporal, y Apoyo a la Palabra<br \/>\n*La gobernadora es una mujer humilde y trabajadora, que hoy demuestra su amor al campo con hechos, no con palabras: Jorge Delgado Ibarra<br \/>\n*Gracias por invertir en el campo, sus acciones generan prosperidad en todo el estado. Es un orgullo caminar a su lado, sin dejar a nadie atr\u00e1s: Margarita Gallegos Soto<\/p>\n<p>&nbsp;<\/p>\n<p>La gobernadora de Aguascalientes, Tere Jim\u00e9nez, entreg\u00f3 apoyos de cuatro programas clave para el fortalecimiento del campo en los municipios de El Llano y San Francisco de los Romo y que benefician directamente a las familias que se desempe\u00f1an en el campo, reafirmando as\u00ed su compromiso con este sector.<br \/>\nLos apoyos entregados corresponden a los programas de Semilla Mejorada de Ma\u00edz y Frijol de Temporal; Apoyo de Composta; Empleo Temporal, y Apoyo a la Palabra.<\/p>\n<p>\u201cEstoy muy contenta de estar este d\u00eda aqu\u00ed con gente trabajadora. Ustedes son quienes se esfuerzan, luchan y hacen grande al campo. No est\u00e1n solos: el Gobierno del Estado los respalda\u201d, expres\u00f3 Tere Jim\u00e9nez durante su visita, frente a los productores que se dieron cita para recibir los apoyos.<\/p>\n<p>La gobernadora tambi\u00e9n destac\u00f3 la importancia del empleo temporal como una herramienta que une a la comunidad y apoya a quienes necesitan un ingreso extra.<\/p>\n<p>\u201cCon el empleo temporal se ayudan ustedes y ayudan a su comunidad. Con estos programas, ganamos todos. Son un reflejo de nuestro compromiso real con la gente del campo\u201d, afirm\u00f3.<\/p>\n<p>Isidoro Armend\u00e1riz Garc\u00eda, titular de la Secretar\u00eda de Desarrollo Rural y Agroempresarial del Estado (Sedrae), explic\u00f3 que los productores recibieron semilla mejorada, composta, y se dio el banderazo oficial al Programa de Empleo Temporal, enfocado a apoyar a amas de casa y personas que m\u00e1s lo necesitan.<\/p>\n<p>El presidente municipal de El Llano, Jorge Delgado Ibarra, reconoci\u00f3 la cercan\u00eda y sensibilidad de la gobernadora: \u201cLa gobernadora es una mujer humilde y trabajadora, que hoy demuestra su amor al campo con hechos, no con palabras\u201d.<\/p>\n<p>A nombre de las y los beneficiarios, Carolina de Lira Moreno agradeci\u00f3 el respaldo recibido: \u201cLa mayor\u00eda de nosotros somos agricultores, y este apoyo de semilla de temporal es fundamental para nuestras cosechas. Gracias, gobernadora, por pensar en nosotros\u201d.<\/p>\n<p>En San Francisco de los Romo, la presidenta municipal, Margarita Gallegos Soto, reconoci\u00f3 el liderazgo de Tere Jim\u00e9nez y el apoyo que ha brindado al campo durante su administraci\u00f3n.<\/p>\n<p>\u201cGracias por invertir en el campo, gobernadora. Sus acciones generan prosperidad en todo el estado. Es un orgullo caminar a su lado, sin dejar a nadie atr\u00e1s\u201d.<\/p>\n<p>Mar\u00eda de Lourdes Mart\u00ednez Rosales, beneficiaria del Programa de Empleo Temporal, se\u00f1al\u00f3 que con este programa las familias de las comunidades se ven beneficiadas con el ingreso que reciben: \u201cEstos apoyos nos permiten solventar gastos b\u00e1sicos en casa y aportar a nuestras comunidades. Gracias por tomarnos en cuenta\u201d.<\/p>\n<p>En esta gira de trabajo, acompa\u00f1aron a la gobernadora los presidentes municipales Jos\u00e9 Manuel Gonz\u00e1lez Mota (Asientos), Laura Araceli Gonz\u00e1lez Reyes (San Jos\u00e9 de Gracia), Lucero Espinoza (Pabell\u00f3n de Arteaga), C\u00e9sar Medina (Jes\u00fas Mar\u00eda); el diputado federal Humberto Ambriz Delgadillo, as\u00ed como los diputados locales Bety Montoya, Ad\u00e1n Valdivia, Lupita Mendoza y Heriberto Gallegos Serna, y los beneficiarios Ma. de la Luz Esparza Ponce, Benjam\u00edn Lara Barr\u00f3n y Ver\u00f3nica Verd\u00edn V\u00edveros.<\/p>\n","protected":false},"excerpt":{"rendered":"<p>#informativoelvalledeaguascalientes #novaradioaguascalientes #informativoelvalledeaguascalientesll #Aguascalientes &nbsp; *Los apoyos entregados corresponden a los programas de Semilla Mejorada de Ma\u00edz y Frijol de Temporal; Apoyo de Composta; Empleo Temporal, y Apoyo a la Palabra *La gobernadora es una mujer humilde y trabajadora, que hoy demuestra su amor al campo con hechos, no con palabras: Jorge Delgado Ibarra *Gracias [&hellip;]<\/p>\n","protected":false},"author":1,"featured_media":72133,"comment_status":"closed","ping_status":"open","sticky":false,"template":"","format":"standard","meta":{"advanced_seo_description":"","jetpack_seo_html_title":"","jetpack_seo_noindex":false,"_jetpack_memberships_contains_paid_content":false,"footnotes":"","jetpack_publicize_message":"","jetpack_publicize_feature_enabled":true,"jetpack_social_post_already_shared":true,"jetpack_social_options":{"image_generator_settings":{"template":"highway","default_image_id":0,"font":"","enabled":false},"version":2}},"categories":[21,4],"tags":[22,615,106,320],"class_list":["post-72132","post","type-post","status-publish","format-standard","has-post-thumbnail","hentry","category-aguascalientes","category-gobierno-del-estado-aguascalientes","tag-aguascalientes","tag-gobierno-del-estado-de-aguascalientes","tag-sedrae","tag-tere-jimenez"],"jetpack_publicize_connections":[],"jetpack_featured_media_url":"https:\/\/i0.wp.com\/informativoelvalledeaguascalientes.online\/wp-content\/uploads\/2025\/06\/36c565c5-c18b-43b9-ac0f-2f607faa4e94.jpg?fit=1440%2C960&ssl=1","jetpack-related-posts":[],"jetpack_sharing_enabled":true,"jetpack_likes_enabled":true,"_links":{"self":[{"href":"https:\/\/informativoelvalledeaguascalientes.online\/index.php?rest_route=\/wp\/v2\/posts\/72132","targetHints":{"allow":["GET"]}}],"collection":[{"href":"https:\/\/informativoelvalledeaguascalientes.online\/index.php?rest_route=\/wp\/v2\/posts"}],"about":[{"href":"https:\/\/informativoelvalledeaguascalientes.online\/index.php?rest_route=\/wp\/v2\/types\/post"}],"author":[{"embeddable":true,"href":"https:\/\/informativoelvalledeaguascalientes.online\/index.php?rest_route=\/wp\/v2\/users\/1"}],"replies":[{"embeddable":true,"href":"https:\/\/informativoelvalledeaguascalientes.online\/index.php?rest_route=%2Fwp%2Fv2%2Fcomments&post=72132"}],"version-history":[{"count":1,"href":"https:\/\/informativoelvalledeaguascalientes.online\/index.php?rest_route=\/wp\/v2\/posts\/72132\/revisions"}],"predecessor-version":[{"id":72134,"href":"https:\/\/informativoelvalledeaguascalientes.online\/index.php?rest_route=\/wp\/v2\/posts\/72132\/revisions\/72134"}],"wp:featuredmedia":[{"embeddable":true,"href":"https:\/\/informativoelvalledeaguascalientes.online\/index.php?rest_route=\/wp\/v2\/media\/72133"}],"wp:attachment":[{"href":"https:\/\/informativoelvalledeaguascalientes.online\/index.php?rest_route=%2Fwp%2Fv2%2Fmedia&parent=72132"}],"wp:term":[{"taxonomy":"category","embeddable":true,"href":"https:\/\/informativoelvalledeaguascalientes.online\/index.php?rest_route=%2Fwp%2Fv2%2Fcategories&post=72132"},{"taxonomy":"post_tag","embeddable":true,"href":"https:\/\/informativoelvalledeaguascalientes.online\/index.php?rest_route=%2Fwp%2Fv2%2Ftags&post=72132"}],"curies":[{"name":"wp","href":"https:\/\/api.w.org\/{rel}","templated":true}]}}