{"id":72115,"date":"2025-06-13T23:27:13","date_gmt":"2025-06-14T05:27:13","guid":{"rendered":"https:\/\/informativoelvalledeaguascalientes.online\/?p=72115"},"modified":"2025-06-30T22:21:44","modified_gmt":"2025-07-01T04:21:44","slug":"jesus-maria-presenta-programa-especial-ante-temporada-de-lluvias-y-huracanes-2025","status":"publish","type":"post","link":"https:\/\/informativoelvalledeaguascalientes.online\/?p=72115","title":{"rendered":"JES\u00daS MAR\u00cdA PRESENTA PROGRAMA ESPECIAL ANTE TEMPORADA DE LLUVIAS Y HURACANES 2025"},"content":{"rendered":"<p>#informativoelvalledeaguascalientes #novaradioaguascalientes #informativoelvalledeaguascalientesll #Aguascalientes<\/p>\n<p>&nbsp;<\/p>\n<p>Con la finalidad de proteger a la poblaci\u00f3n ante posibles riesgos por lluvias intensas o fen\u00f3menos naturales, se present\u00f3 en Jes\u00fas Mar\u00eda el Programa Especial de Lluvias y Huracanes 2025, el cual fue aprobado por el Consejo Municipal De Protecci\u00f3n Civil.<\/p>\n<p>El titular de Protecci\u00f3n Civil de Jes\u00fas Mar\u00eda, H\u00e9ctor Manuel Reyes, se\u00f1al\u00f3 que el plan contempla una serie de acciones preventivas y de respuesta inmediata para reducir riesgos y salvaguardar la integridad de las familias, as\u00ed como proteger sus bienes y el entorno.<\/p>\n<p>Como parte de estas acciones, el municipio ha identificado zonas vulnerables a inundaciones, mantiene el monitoreo constante de presas y cuerpos de agua, y ha habilitado el refugio temporal que ya est\u00e1 listo para operar en caso de contingencia.<\/p>\n<p>Adem\u00e1s, se ha intensificado el trabajo de limpieza y desazolve en puntos cr\u00edticos para evitar encharcamientos o bloqueos en el sistema pluvial.<\/p>\n<p>En este operativo especial participan diversas dependencias municipales como Obras P\u00fablicas, Seguridad P\u00fablica, CAPAS, Guardia Civil, Comunicaci\u00f3n social y el DIF Municipal, as\u00ed como Protecci\u00f3n Civil del Estado y la SEDENA quienes trabajan de manera coordinada para responder de forma eficiente ante cualquier eventualidad.<\/p>\n<p>El Gobierno de Jes\u00fas Mar\u00eda invita a la poblaci\u00f3n a mantenerse informada, seguir las recomendaciones de Protecci\u00f3n Civil y reportar cualquier situaci\u00f3n de riesgo, con el objetivo de enfrentar juntos la temporada de lluvias de manera segura y ordenada.<\/p>\n","protected":false},"excerpt":{"rendered":"<p>#informativoelvalledeaguascalientes #novaradioaguascalientes #informativoelvalledeaguascalientesll #Aguascalientes &nbsp; Con la finalidad de proteger a la poblaci\u00f3n ante posibles riesgos por lluvias intensas o fen\u00f3menos naturales, se present\u00f3 en Jes\u00fas Mar\u00eda el Programa Especial de Lluvias y Huracanes 2025, el cual fue aprobado por el Consejo Municipal De Protecci\u00f3n Civil. El titular de Protecci\u00f3n Civil de Jes\u00fas Mar\u00eda, H\u00e9ctor [&hellip;]<\/p>\n","protected":false},"author":1,"featured_media":72117,"comment_status":"closed","ping_status":"open","sticky":false,"template":"","format":"standard","meta":{"advanced_seo_description":"","jetpack_seo_html_title":"","jetpack_seo_noindex":false,"_jetpack_memberships_contains_paid_content":false,"footnotes":"","jetpack_publicize_message":"","jetpack_publicize_feature_enabled":true,"jetpack_social_post_already_shared":true,"jetpack_social_options":{"image_generator_settings":{"template":"highway","default_image_id":0,"font":"","enabled":false},"version":2}},"categories":[21,14],"tags":[22,45],"class_list":["post-72115","post","type-post","status-publish","format-standard","has-post-thumbnail","hentry","category-aguascalientes","category-jesus-maria-aguascalientes","tag-aguascalientes","tag-jesus-maria-aguascalientes"],"jetpack_publicize_connections":[],"jetpack_featured_media_url":"https:\/\/i0.wp.com\/informativoelvalledeaguascalientes.online\/wp-content\/uploads\/2025\/06\/e2eab260-09f2-4e0c-929a-e670a13a84f5-scaled.jpg?fit=2560%2C1707&ssl=1","jetpack-related-posts":[],"jetpack_sharing_enabled":true,"jetpack_likes_enabled":true,"_links":{"self":[{"href":"https:\/\/informativoelvalledeaguascalientes.online\/index.php?rest_route=\/wp\/v2\/posts\/72115","targetHints":{"allow":["GET"]}}],"collection":[{"href":"https:\/\/informativoelvalledeaguascalientes.online\/index.php?rest_route=\/wp\/v2\/posts"}],"about":[{"href":"https:\/\/informativoelvalledeaguascalientes.online\/index.php?rest_route=\/wp\/v2\/types\/post"}],"author":[{"embeddable":true,"href":"https:\/\/informativoelvalledeaguascalientes.online\/index.php?rest_route=\/wp\/v2\/users\/1"}],"replies":[{"embeddable":true,"href":"https:\/\/informativoelvalledeaguascalientes.online\/index.php?rest_route=%2Fwp%2Fv2%2Fcomments&post=72115"}],"version-history":[{"count":1,"href":"https:\/\/informativoelvalledeaguascalientes.online\/index.php?rest_route=\/wp\/v2\/posts\/72115\/revisions"}],"predecessor-version":[{"id":72116,"href":"https:\/\/informativoelvalledeaguascalientes.online\/index.php?rest_route=\/wp\/v2\/posts\/72115\/revisions\/72116"}],"wp:featuredmedia":[{"embeddable":true,"href":"https:\/\/informativoelvalledeaguascalientes.online\/index.php?rest_route=\/wp\/v2\/media\/72117"}],"wp:attachment":[{"href":"https:\/\/informativoelvalledeaguascalientes.online\/index.php?rest_route=%2Fwp%2Fv2%2Fmedia&parent=72115"}],"wp:term":[{"taxonomy":"category","embeddable":true,"href":"https:\/\/informativoelvalledeaguascalientes.online\/index.php?rest_route=%2Fwp%2Fv2%2Fcategories&post=72115"},{"taxonomy":"post_tag","embeddable":true,"href":"https:\/\/informativoelvalledeaguascalientes.online\/index.php?rest_route=%2Fwp%2Fv2%2Ftags&post=72115"}],"curies":[{"name":"wp","href":"https:\/\/api.w.org\/{rel}","templated":true}]}}