{"id":72084,"date":"2025-06-13T22:23:49","date_gmt":"2025-06-14T04:23:49","guid":{"rendered":"https:\/\/informativoelvalledeaguascalientes.online\/?p=72084"},"modified":"2025-06-13T22:23:49","modified_gmt":"2025-06-14T04:23:49","slug":"oro-para-aguascalientes-en-la-categoria-11-13-anos-se-logro-la-medalla-de-oro-en-all-around-individual-de-gimnasia","status":"publish","type":"post","link":"https:\/\/informativoelvalledeaguascalientes.online\/?p=72084","title":{"rendered":"\u00a1Oro para Aguascalientes! En la categor\u00eda 11-13 a\u00f1os, se logr\u00f3 la medalla de oro en all around individual de gimnasia"},"content":{"rendered":"<p>#informativoelvalledeaguascalientes #novaradioaguascalientes #informativoelvalledeaguascalientesll #Aguascalientes<\/p>\n<p>&nbsp;<\/p>\n<p>&nbsp;<\/p>\n<p>\u00a1Oro para Aguascalientes! En la categor\u00eda 11-13 a\u00f1os, se logr\u00f3 la medalla de oro en all around individual de gimnasia r\u00edtmica, en la sumatoria de las tres mejores notas por estado. \u00a1Felicidades a nuestras gigantes del deporte!<\/p>\n","protected":false},"excerpt":{"rendered":"<p>#informativoelvalledeaguascalientes #novaradioaguascalientes #informativoelvalledeaguascalientesll #Aguascalientes &nbsp; &nbsp; \u00a1Oro para Aguascalientes! En la categor\u00eda 11-13 a\u00f1os, se logr\u00f3 la medalla de oro en all around individual de gimnasia r\u00edtmica, en la sumatoria de las tres mejores notas por estado. \u00a1Felicidades a nuestras gigantes del deporte!<\/p>\n","protected":false},"author":1,"featured_media":72085,"comment_status":"closed","ping_status":"open","sticky":false,"template":"","format":"standard","meta":{"advanced_seo_description":"","jetpack_seo_html_title":"","jetpack_seo_noindex":false,"_jetpack_memberships_contains_paid_content":false,"footnotes":"","jetpack_publicize_message":"","jetpack_publicize_feature_enabled":true,"jetpack_social_post_already_shared":true,"jetpack_social_options":{"image_generator_settings":{"template":"highway","default_image_id":0,"font":"","enabled":false},"version":2}},"categories":[21,4],"tags":[22,615,113],"class_list":["post-72084","post","type-post","status-publish","format-standard","has-post-thumbnail","hentry","category-aguascalientes","category-gobierno-del-estado-aguascalientes","tag-aguascalientes","tag-gobierno-del-estado-de-aguascalientes","tag-idea"],"jetpack_publicize_connections":[],"jetpack_featured_media_url":"https:\/\/i0.wp.com\/informativoelvalledeaguascalientes.online\/wp-content\/uploads\/2025\/06\/584313fa-0b87-4ff0-83e0-fa2fe9fc0fd3.jpg?fit=1280%2C720&ssl=1","jetpack-related-posts":[],"jetpack_sharing_enabled":true,"jetpack_likes_enabled":true,"_links":{"self":[{"href":"https:\/\/informativoelvalledeaguascalientes.online\/index.php?rest_route=\/wp\/v2\/posts\/72084","targetHints":{"allow":["GET"]}}],"collection":[{"href":"https:\/\/informativoelvalledeaguascalientes.online\/index.php?rest_route=\/wp\/v2\/posts"}],"about":[{"href":"https:\/\/informativoelvalledeaguascalientes.online\/index.php?rest_route=\/wp\/v2\/types\/post"}],"author":[{"embeddable":true,"href":"https:\/\/informativoelvalledeaguascalientes.online\/index.php?rest_route=\/wp\/v2\/users\/1"}],"replies":[{"embeddable":true,"href":"https:\/\/informativoelvalledeaguascalientes.online\/index.php?rest_route=%2Fwp%2Fv2%2Fcomments&post=72084"}],"version-history":[{"count":1,"href":"https:\/\/informativoelvalledeaguascalientes.online\/index.php?rest_route=\/wp\/v2\/posts\/72084\/revisions"}],"predecessor-version":[{"id":72086,"href":"https:\/\/informativoelvalledeaguascalientes.online\/index.php?rest_route=\/wp\/v2\/posts\/72084\/revisions\/72086"}],"wp:featuredmedia":[{"embeddable":true,"href":"https:\/\/informativoelvalledeaguascalientes.online\/index.php?rest_route=\/wp\/v2\/media\/72085"}],"wp:attachment":[{"href":"https:\/\/informativoelvalledeaguascalientes.online\/index.php?rest_route=%2Fwp%2Fv2%2Fmedia&parent=72084"}],"wp:term":[{"taxonomy":"category","embeddable":true,"href":"https:\/\/informativoelvalledeaguascalientes.online\/index.php?rest_route=%2Fwp%2Fv2%2Fcategories&post=72084"},{"taxonomy":"post_tag","embeddable":true,"href":"https:\/\/informativoelvalledeaguascalientes.online\/index.php?rest_route=%2Fwp%2Fv2%2Ftags&post=72084"}],"curies":[{"name":"wp","href":"https:\/\/api.w.org\/{rel}","templated":true}]}}