{"id":71793,"date":"2025-06-07T23:02:03","date_gmt":"2025-06-08T05:02:03","guid":{"rendered":"https:\/\/informativoelvalledeaguascalientes.online\/?p=71793"},"modified":"2025-06-07T23:02:03","modified_gmt":"2025-06-08T05:02:03","slug":"aga-racing-team-y-salvador-de-alba-jr-obtuvieron-en-leon-su-7-triunfo-al-hilo-en-la-gtm-pro-1","status":"publish","type":"post","link":"https:\/\/informativoelvalledeaguascalientes.online\/?p=71793","title":{"rendered":"AGA RACING TEAM Y SALVADOR DE ALBA JR., OBTUVIERON EN LE\u00d3N SU 7\u00b0 TRIUNFO AL HILO EN LA GTM PRO 1"},"content":{"rendered":"<p>#informativoelvalledeaguascalientes #novaradioaguascalientes #informativoelvalledeaguascalientesll #Aguascalientes<\/p>\n<p style=\"font-weight: 400;\">\n<p style=\"font-weight: 400;\">Se mantiene el paso perfecto del AGA Racing Team, en la S\u00faper Copa Roshfrans 2025, alcanzando su 7mo triunfo al hilo en la GTM Pro 1, para conquistar el primer d\u00eda de actividades en el Aut\u00f3dromo de Le\u00f3n.<\/p>\n<p style=\"font-weight: 400;\">Nada parece detener al equipo tapat\u00edo, AGA Racing Team, quien comenz\u00f3 con la acci\u00f3n de la 4ta fecha doble del campeonato Gran Turismo M\u00e9xico, en donde arrancar\u00eda tomando la \u201cPole\u201d de manos del l\u00edder general, Salvador de Alba Jr. quien m\u00e1s tarde se encargar\u00eda de tomar el volante en el hit 1.<\/p>\n<p style=\"font-weight: 400;\">Cayendo la tarde, Salvador de Alba Jr. culminar\u00eda la obra en el Mercedes #1 AGA de Manzana\/ Red Cola \/ Skarch \/ Guadalajara \u2013 Guadalajara, llev\u00e1ndose la primera posici\u00f3n de principio a fin, para alcanzar su s\u00e9ptimo triunfo consecutivo, afianz\u00e1ndose a\u00fan m\u00e1s en el primer sitio general.<\/p>\n<p style=\"font-weight: 400;\">Para el d\u00eda de ma\u00f1ana, el encargado de cerrar ser\u00e1 el potosino Alex de Alba, clasificado en el tercer sitio durante la actividad sabatina, teniendo la misi\u00f3n de seguir el camino trazado por su equipo.<\/p>\n<p style=\"font-weight: 400;\">Por su parte, Alfredo Mena alcanzar\u00eda el podio de la GTM Pro 2 con su #32 AGA de Manzana\/ Skarch en las \u00faltimas vueltas de esta carrera, dejando todo listo para buscar uno m\u00e1s el d\u00eda de ma\u00f1ana cuando se baje el tel\u00f3n de la 4ta fecha.<\/p>\n<p style=\"font-weight: 400;\">Este 8 de junio comenzar\u00e1 la actividad para el AGA Racing Team en el campeonato Gran Turismo M\u00e9xico, en punto de las 13:20 horas, cuando se desarrolla la segunda ronda como parte del programa de la S\u00faper Copa Roshfrans, en el Aut\u00f3dromo de Le\u00f3n.<\/p>\n<p style=\"font-weight: 400;\">\n<p style=\"font-weight: 400;\">ANVI MOTORSPORTS ARMA EL 1-3 EN GTM LIGHT DE SUPER COPA ROSHFRANS EN LE\u00d3N<\/p>\n<p style=\"font-weight: 400;\">Con excelso ritmo y manejo, Juan Nu\u00f1ez y Carlos Novelo de la escuder\u00eda Alpha Racing, lograron el podio de la primera carrera de la categor\u00eda GTM Light, que se disput\u00f3 en el Aut\u00f3dromo de Le\u00f3n, Guanajuato, al quedarse con el primer y tercer puesto de la GTM Light.<\/p>\n<p style=\"font-weight: 400;\">El piloto capitalino Jer\u00f3nimo de Yturbe al mando del auto marcado con el n\u00famero 7 SOMA-Alpha se qued\u00f3 con el segundo lugar de la primera competencia del fin de semana, correspondiente a la fecha cuatro de la S\u00faper Copa Roshfrans 2025.<\/p>\n<p style=\"font-weight: 400;\">\u201cEl coche lo sent\u00ed bien, es una pista que me gusta mucho, y m\u00e1s ahora que obtuve mi primera victoria\u201d, indic\u00f3 N\u00fa\u00f1ez, quien parti\u00f3 desde el primer lugar.<\/p>\n<p style=\"font-weight: 400;\">Las dos pr\u00e1cticas oficiales, el ganador las hab\u00eda concluido en el primer lugar, con registros de 40.880 y 40.839 segundos de manera respectiva.<\/p>\n<p style=\"font-weight: 400;\">En tanto, Yturbe que sali\u00f3 desde la tercera posici\u00f3n finaliz\u00f3 en la primera prueba del fin de semana en el puesto de escolta.<\/p>\n<p style=\"font-weight: 400;\">\u201cSon buenos puntos y ma\u00f1ana vamos por la parte m\u00e1s alta del podio, s\u00e9 que podemos y que tenemos auto para poder hacerlo\u201d, coment\u00f3 Jer\u00f3nimo.<\/p>\n<p style=\"font-weight: 400;\">El piloto de M\u00e9rida, Yucat\u00e1n, Andr\u00e9s Novelo, visit\u00f3 el tercer escal\u00f3n del podio despu\u00e9s de haber arrancado segundo: \u201cNo se pudo pero vamos por m\u00e1s en la segunda carrera\u201d.<\/p>\n<p style=\"font-weight: 400;\">La segunda carrera de los Gran Turismo M\u00e9xico Light se disputar\u00e1 ma\u00f1ana domingo a partir de las 12:10 horas con una duraci\u00f3n de cuarenta minutos.<\/p>\n<p style=\"font-weight: 400;\">\n","protected":false},"excerpt":{"rendered":"<p>#informativoelvalledeaguascalientes #novaradioaguascalientes #informativoelvalledeaguascalientesll #Aguascalientes Se mantiene el paso perfecto del AGA Racing Team, en la S\u00faper Copa Roshfrans 2025, alcanzando su 7mo triunfo al hilo en la GTM Pro 1, para conquistar el primer d\u00eda de actividades en el Aut\u00f3dromo de Le\u00f3n. Nada parece detener al equipo tapat\u00edo, AGA Racing Team, quien comenz\u00f3 con la [&hellip;]<\/p>\n","protected":false},"author":1,"featured_media":71794,"comment_status":"closed","ping_status":"open","sticky":false,"template":"","format":"standard","meta":{"advanced_seo_description":"","jetpack_seo_html_title":"","jetpack_seo_noindex":false,"_jetpack_memberships_contains_paid_content":false,"footnotes":"","jetpack_publicize_message":"","jetpack_publicize_feature_enabled":true,"jetpack_social_post_already_shared":true,"jetpack_social_options":{"image_generator_settings":{"template":"highway","default_image_id":0,"font":"","enabled":false},"version":2}},"categories":[21,19],"tags":[22,232,835],"class_list":["post-71793","post","type-post","status-publish","format-standard","has-post-thumbnail","hentry","category-aguascalientes","category-informacion-general","tag-aguascalientes","tag-informacion-general","tag-super-copa-roshfrans"],"jetpack_publicize_connections":[],"jetpack_featured_media_url":"https:\/\/i0.wp.com\/informativoelvalledeaguascalientes.online\/wp-content\/uploads\/2025\/06\/PODIO-LEON-GTM-PRO-1.jpg?fit=1024%2C682&ssl=1","jetpack-related-posts":[],"jetpack_sharing_enabled":true,"jetpack_likes_enabled":true,"_links":{"self":[{"href":"https:\/\/informativoelvalledeaguascalientes.online\/index.php?rest_route=\/wp\/v2\/posts\/71793","targetHints":{"allow":["GET"]}}],"collection":[{"href":"https:\/\/informativoelvalledeaguascalientes.online\/index.php?rest_route=\/wp\/v2\/posts"}],"about":[{"href":"https:\/\/informativoelvalledeaguascalientes.online\/index.php?rest_route=\/wp\/v2\/types\/post"}],"author":[{"embeddable":true,"href":"https:\/\/informativoelvalledeaguascalientes.online\/index.php?rest_route=\/wp\/v2\/users\/1"}],"replies":[{"embeddable":true,"href":"https:\/\/informativoelvalledeaguascalientes.online\/index.php?rest_route=%2Fwp%2Fv2%2Fcomments&post=71793"}],"version-history":[{"count":1,"href":"https:\/\/informativoelvalledeaguascalientes.online\/index.php?rest_route=\/wp\/v2\/posts\/71793\/revisions"}],"predecessor-version":[{"id":71795,"href":"https:\/\/informativoelvalledeaguascalientes.online\/index.php?rest_route=\/wp\/v2\/posts\/71793\/revisions\/71795"}],"wp:featuredmedia":[{"embeddable":true,"href":"https:\/\/informativoelvalledeaguascalientes.online\/index.php?rest_route=\/wp\/v2\/media\/71794"}],"wp:attachment":[{"href":"https:\/\/informativoelvalledeaguascalientes.online\/index.php?rest_route=%2Fwp%2Fv2%2Fmedia&parent=71793"}],"wp:term":[{"taxonomy":"category","embeddable":true,"href":"https:\/\/informativoelvalledeaguascalientes.online\/index.php?rest_route=%2Fwp%2Fv2%2Fcategories&post=71793"},{"taxonomy":"post_tag","embeddable":true,"href":"https:\/\/informativoelvalledeaguascalientes.online\/index.php?rest_route=%2Fwp%2Fv2%2Ftags&post=71793"}],"curies":[{"name":"wp","href":"https:\/\/api.w.org\/{rel}","templated":true}]}}