{"id":71747,"date":"2025-06-07T21:51:55","date_gmt":"2025-06-08T03:51:55","guid":{"rendered":"https:\/\/informativoelvalledeaguascalientes.online\/?p=71747"},"modified":"2025-06-07T21:51:55","modified_gmt":"2025-06-08T03:51:55","slug":"arranca-torneo-selectivo-de-fut-7-mas-retas-menos-rinas","status":"publish","type":"post","link":"https:\/\/informativoelvalledeaguascalientes.online\/?p=71747","title":{"rendered":"\u00a1Arranca Torneo Selectivo de Fut 7 &#8216;\u00a1M\u00e1s Retas, Menos Ri\u00f1as!"},"content":{"rendered":"<p>#informativoelvalledeaguascalientes #novaradioaguascalientes #informativoelvalledeaguascalientesll #Aguascalientes<\/p>\n<p>&nbsp;<\/p>\n<p>&nbsp;<\/p>\n<p>\u00a1Arranca Torneo Selectivo de Fut 7 &#8216;\u00a1M\u00e1s Retas, Menos Ri\u00f1as!<\/p>\n<p>Con apoyo del IDEA y con la presencia de Arturo Fern\u00e1ndez Estrada, Director General del IDEA, se dio inicio al torneo en el parque Luis Donaldo Colosio. El evento busca promover la paz y fortalecer lazos comunitarios a trav\u00e9s del deporte. Equipos infantiles, juveniles y libres participan en un ambiente de sana competencia.<\/p>\n","protected":false},"excerpt":{"rendered":"<p>#informativoelvalledeaguascalientes #novaradioaguascalientes #informativoelvalledeaguascalientesll #Aguascalientes &nbsp; &nbsp; \u00a1Arranca Torneo Selectivo de Fut 7 &#8216;\u00a1M\u00e1s Retas, Menos Ri\u00f1as! Con apoyo del IDEA y con la presencia de Arturo Fern\u00e1ndez Estrada, Director General del IDEA, se dio inicio al torneo en el parque Luis Donaldo Colosio. El evento busca promover la paz y fortalecer lazos comunitarios a trav\u00e9s [&hellip;]<\/p>\n","protected":false},"author":1,"featured_media":71749,"comment_status":"closed","ping_status":"open","sticky":false,"template":"","format":"standard","meta":{"advanced_seo_description":"","jetpack_seo_html_title":"","jetpack_seo_noindex":false,"_jetpack_memberships_contains_paid_content":false,"footnotes":"","jetpack_publicize_message":"","jetpack_publicize_feature_enabled":true,"jetpack_social_post_already_shared":true,"jetpack_social_options":{"image_generator_settings":{"template":"highway","default_image_id":0,"font":"","enabled":false},"version":2}},"categories":[21,4],"tags":[22,615,113],"class_list":["post-71747","post","type-post","status-publish","format-standard","has-post-thumbnail","hentry","category-aguascalientes","category-gobierno-del-estado-aguascalientes","tag-aguascalientes","tag-gobierno-del-estado-de-aguascalientes","tag-idea"],"jetpack_publicize_connections":[],"jetpack_featured_media_url":"https:\/\/i0.wp.com\/informativoelvalledeaguascalientes.online\/wp-content\/uploads\/2025\/06\/cd8264dd-11df-4d2b-9eaf-efffd2bde92d.jpg?fit=1600%2C1066&ssl=1","jetpack-related-posts":[],"jetpack_sharing_enabled":true,"jetpack_likes_enabled":true,"_links":{"self":[{"href":"https:\/\/informativoelvalledeaguascalientes.online\/index.php?rest_route=\/wp\/v2\/posts\/71747","targetHints":{"allow":["GET"]}}],"collection":[{"href":"https:\/\/informativoelvalledeaguascalientes.online\/index.php?rest_route=\/wp\/v2\/posts"}],"about":[{"href":"https:\/\/informativoelvalledeaguascalientes.online\/index.php?rest_route=\/wp\/v2\/types\/post"}],"author":[{"embeddable":true,"href":"https:\/\/informativoelvalledeaguascalientes.online\/index.php?rest_route=\/wp\/v2\/users\/1"}],"replies":[{"embeddable":true,"href":"https:\/\/informativoelvalledeaguascalientes.online\/index.php?rest_route=%2Fwp%2Fv2%2Fcomments&post=71747"}],"version-history":[{"count":2,"href":"https:\/\/informativoelvalledeaguascalientes.online\/index.php?rest_route=\/wp\/v2\/posts\/71747\/revisions"}],"predecessor-version":[{"id":71750,"href":"https:\/\/informativoelvalledeaguascalientes.online\/index.php?rest_route=\/wp\/v2\/posts\/71747\/revisions\/71750"}],"wp:featuredmedia":[{"embeddable":true,"href":"https:\/\/informativoelvalledeaguascalientes.online\/index.php?rest_route=\/wp\/v2\/media\/71749"}],"wp:attachment":[{"href":"https:\/\/informativoelvalledeaguascalientes.online\/index.php?rest_route=%2Fwp%2Fv2%2Fmedia&parent=71747"}],"wp:term":[{"taxonomy":"category","embeddable":true,"href":"https:\/\/informativoelvalledeaguascalientes.online\/index.php?rest_route=%2Fwp%2Fv2%2Fcategories&post=71747"},{"taxonomy":"post_tag","embeddable":true,"href":"https:\/\/informativoelvalledeaguascalientes.online\/index.php?rest_route=%2Fwp%2Fv2%2Ftags&post=71747"}],"curies":[{"name":"wp","href":"https:\/\/api.w.org\/{rel}","templated":true}]}}