{"id":71721,"date":"2025-06-06T21:08:55","date_gmt":"2025-06-07T03:08:55","guid":{"rendered":"https:\/\/informativoelvalledeaguascalientes.online\/?p=71721"},"modified":"2025-06-06T21:08:55","modified_gmt":"2025-06-07T03:08:55","slug":"el-gobierno-de-calvillo-llevo-a-cabo-la-sesion-de-toma-de-protesta-de-los-nuevos-integrantes-del-consejo-de-ordenamiento-territorial-y-desarrollo-urbano-municipal","status":"publish","type":"post","link":"https:\/\/informativoelvalledeaguascalientes.online\/?p=71721","title":{"rendered":"El Gobierno de Calvillo llev\u00f3 a cabo la sesi\u00f3n de toma de protesta de los nuevos integrantes del Consejo de Ordenamiento Territorial y Desarrollo Urbano Municipal"},"content":{"rendered":"<p>#informativoelvalledeaguascalientes #novaradioaguascalientes #informativoelvalledeaguascalientesll #Aguascalientes<\/p>\n<p>&nbsp;<\/p>\n<p>&nbsp;<\/p>\n<p>El Gobierno de Calvillo llev\u00f3 a cabo la sesi\u00f3n de toma de protesta de los nuevos integrantes del Consejo de Ordenamiento Territorial y Desarrollo Urbano Municipal, un organismo clave para promover un crecimiento ordenado y sostenible en el municipio.<\/p>\n<p>El presidente municipal, Daniel Romo Urrutia, tom\u00f3 protesta a las y los integrantes de este consejo, destacando la importancia de trabajar en coordinaci\u00f3n para dise\u00f1ar estrategias que impulsen el desarrollo equilibrado y sostenible del territorio.<\/p>\n<p>Brandon Lu\u00e9vano N\u00fa\u00f1ez, titular de la Secretar\u00eda de Planeaci\u00f3n, Ordenamiento Territorial y Medio Ambiente, agradeci\u00f3 a los asistentes por su compromiso y disposici\u00f3n para sumarse a este esfuerzo colectivo, reafirmando que el trabajo conjunto ser\u00e1 fundamental para consolidar proyectos que beneficien a toda la poblaci\u00f3n de Calvillo.<\/p>\n<p>#\ud835\ude47\ud835\ude5a\ud835\ude5c\ud835\ude56\ud835\ude59\ud835\ude64\ud835\ude4b\ud835\ude56\ud835\ude67\ud835\ude56\ud835\ude48\ud835\ude5e\ud835\ude42\ud835\ude5a\ud835\ude63\ud835\ude69\ud835\ude5a<\/p>\n","protected":false},"excerpt":{"rendered":"<p>#informativoelvalledeaguascalientes #novaradioaguascalientes #informativoelvalledeaguascalientesll #Aguascalientes &nbsp; &nbsp; El Gobierno de Calvillo llev\u00f3 a cabo la sesi\u00f3n de toma de protesta de los nuevos integrantes del Consejo de Ordenamiento Territorial y Desarrollo Urbano Municipal, un organismo clave para promover un crecimiento ordenado y sostenible en el municipio. El presidente municipal, Daniel Romo Urrutia, tom\u00f3 protesta a las [&hellip;]<\/p>\n","protected":false},"author":1,"featured_media":71722,"comment_status":"closed","ping_status":"open","sticky":false,"template":"","format":"standard","meta":{"advanced_seo_description":"","jetpack_seo_html_title":"","jetpack_seo_noindex":false,"_jetpack_memberships_contains_paid_content":false,"footnotes":"","jetpack_publicize_message":"","jetpack_publicize_feature_enabled":true,"jetpack_social_post_already_shared":true,"jetpack_social_options":{"image_generator_settings":{"template":"highway","default_image_id":0,"font":"","enabled":false},"version":2}},"categories":[21,13],"tags":[22,88,29],"class_list":["post-71721","post","type-post","status-publish","format-standard","has-post-thumbnail","hentry","category-aguascalientes","category-calvillo-aguascalientes","tag-aguascalientes","tag-calvillo","tag-calvillo-aguascalientes"],"jetpack_publicize_connections":[],"jetpack_featured_media_url":"https:\/\/i0.wp.com\/informativoelvalledeaguascalientes.online\/wp-content\/uploads\/2025\/06\/1ce957c9-58df-4f0b-b484-ec487295c455.jpg?fit=1500%2C1001&ssl=1","jetpack-related-posts":[],"jetpack_sharing_enabled":true,"jetpack_likes_enabled":true,"_links":{"self":[{"href":"https:\/\/informativoelvalledeaguascalientes.online\/index.php?rest_route=\/wp\/v2\/posts\/71721","targetHints":{"allow":["GET"]}}],"collection":[{"href":"https:\/\/informativoelvalledeaguascalientes.online\/index.php?rest_route=\/wp\/v2\/posts"}],"about":[{"href":"https:\/\/informativoelvalledeaguascalientes.online\/index.php?rest_route=\/wp\/v2\/types\/post"}],"author":[{"embeddable":true,"href":"https:\/\/informativoelvalledeaguascalientes.online\/index.php?rest_route=\/wp\/v2\/users\/1"}],"replies":[{"embeddable":true,"href":"https:\/\/informativoelvalledeaguascalientes.online\/index.php?rest_route=%2Fwp%2Fv2%2Fcomments&post=71721"}],"version-history":[{"count":1,"href":"https:\/\/informativoelvalledeaguascalientes.online\/index.php?rest_route=\/wp\/v2\/posts\/71721\/revisions"}],"predecessor-version":[{"id":71723,"href":"https:\/\/informativoelvalledeaguascalientes.online\/index.php?rest_route=\/wp\/v2\/posts\/71721\/revisions\/71723"}],"wp:featuredmedia":[{"embeddable":true,"href":"https:\/\/informativoelvalledeaguascalientes.online\/index.php?rest_route=\/wp\/v2\/media\/71722"}],"wp:attachment":[{"href":"https:\/\/informativoelvalledeaguascalientes.online\/index.php?rest_route=%2Fwp%2Fv2%2Fmedia&parent=71721"}],"wp:term":[{"taxonomy":"category","embeddable":true,"href":"https:\/\/informativoelvalledeaguascalientes.online\/index.php?rest_route=%2Fwp%2Fv2%2Fcategories&post=71721"},{"taxonomy":"post_tag","embeddable":true,"href":"https:\/\/informativoelvalledeaguascalientes.online\/index.php?rest_route=%2Fwp%2Fv2%2Ftags&post=71721"}],"curies":[{"name":"wp","href":"https:\/\/api.w.org\/{rel}","templated":true}]}}