{"id":71701,"date":"2025-06-06T20:44:11","date_gmt":"2025-06-07T02:44:11","guid":{"rendered":"https:\/\/informativoelvalledeaguascalientes.online\/?p=71701"},"modified":"2025-06-06T20:44:11","modified_gmt":"2025-06-07T02:44:11","slug":"fortalece-fiscal-general-del-estado-lazos-con-el-sector-textil-de-la-entidad","status":"publish","type":"post","link":"https:\/\/informativoelvalledeaguascalientes.online\/?p=71701","title":{"rendered":"FORTALECE FISCAL GENERAL DEL ESTADO, LAZOS CON EL SECTOR TEXTIL DE LA ENTIDAD."},"content":{"rendered":"<p>#informativoelvalledeaguascalientes #novaradioaguascalientes #informativoelvalledeaguascalientesll #Aguascalientes<\/p>\n<p>&nbsp;<\/p>\n<p>&nbsp;<\/p>\n<p>\u2022 Sostuvo una reuni\u00f3n con los integrantes del Consejo Empresarial Textil y de la Confecci\u00f3n.<br \/>\n\u2022 Conocieron el Plan Estrat\u00e9gico para la Fiscal\u00eda General del Estado, as\u00ed como el Plan de Seguridad y Justicia, Blindaje Aguascalientes.<\/p>\n<p>&nbsp;<\/p>\n<p>En un encuentro cercano y productivo, con los integrantes del Consejo Empresarial Textil y de la Confecci\u00f3n los avances, el Fiscal General del Estado, Manuel Alonso Garc\u00eda, present\u00f3 las acciones que la instituci\u00f3n ha implementado para fortalecer la seguridad y la justicia en Aguascalientes, este di\u00e1logo forma parte de los esfuerzos conjuntos para promover un entorno m\u00e1s seguro y confiable tanto para los negocios, como para la ciudadan\u00eda en general.<\/p>\n<p>Durante la reuni\u00f3n, detall\u00f3 las acciones realizadas en el marco del Plan de Seguridad y Justicia, as\u00ed como del programa Blindaje Aguascalientes, iniciativas que buscan reducir la incidencia delictiva y mejorar la atenci\u00f3n a las v\u00edctimas, adem\u00e1s, comparti\u00f3 el Plan Estrat\u00e9gico para la Fiscal\u00eda General, el cual se estructura en cuatro ejes fundamentales que gu\u00edan su labor y visi\u00f3n a futuro.<\/p>\n<p>El primer eje, Actualizaci\u00f3n Normativa e Innovaci\u00f3n Jur\u00eddica, busca modernizar y fortalecer el marco legal para responder de manera m\u00e1s efectiva a los desaf\u00edos actuales.<br \/>\nEn segundo lugar, el eje de Profesionalizaci\u00f3n y Desarrollo Humano Institucional, el cual tiene como objetivo capacitar y motivar al personal fiscal, promoviendo un equipo m\u00e1s preparado y comprometido con la justicia.<\/p>\n<p>El tercer eje, Tecnolog\u00eda, Infraestructura y Equipamiento, contempla la incorporaci\u00f3n de herramientas tecnol\u00f3gicas avanzadas y mejoras en las instalaciones para optimizar los procesos y la atenci\u00f3n a la ciudadan\u00eda.<\/p>\n<p>Finalmente, el cuarto eje, Innovaci\u00f3n Institucional e Investigaci\u00f3n Cient\u00edfica, impulsa la adopci\u00f3n de metodolog\u00edas innovadoras y el uso de la ciencia para fortalecer las investigaciones y la resoluci\u00f3n de casos.<\/p>\n<p>Al concluir la exposici\u00f3n, los empresarios expresaron su reconocimiento por el trabajo realizado y su compromiso con la colaboraci\u00f3n para mejorar la procuraci\u00f3n de justicia en la entidad. Destacaron la importancia de estos esfuerzos para crear un entorno m\u00e1s seguro que fomente la inversi\u00f3n y el desarrollo econ\u00f3mico en Aguascalientes.<\/p>\n<p>Este encuentro refleja la voluntad de la FGE y del sector empresarial de trabajar de la mano en la construcci\u00f3n de una sociedad m\u00e1s segura, justa y pr\u00f3spera, asimismo la Fiscal\u00eda General reafirma su compromiso de seguir avanzando en estos ejes estrat\u00e9gicos, con la finalidad de consolidar un sistema de justicia eficiente, transparente y cercano a la ciudadan\u00eda.<\/p>\n","protected":false},"excerpt":{"rendered":"<p>#informativoelvalledeaguascalientes #novaradioaguascalientes #informativoelvalledeaguascalientesll #Aguascalientes &nbsp; &nbsp; \u2022 Sostuvo una reuni\u00f3n con los integrantes del Consejo Empresarial Textil y de la Confecci\u00f3n. \u2022 Conocieron el Plan Estrat\u00e9gico para la Fiscal\u00eda General del Estado, as\u00ed como el Plan de Seguridad y Justicia, Blindaje Aguascalientes. &nbsp; En un encuentro cercano y productivo, con los integrantes del Consejo Empresarial [&hellip;]<\/p>\n","protected":false},"author":1,"featured_media":71702,"comment_status":"closed","ping_status":"open","sticky":false,"template":"","format":"standard","meta":{"advanced_seo_description":"","jetpack_seo_html_title":"","jetpack_seo_noindex":false,"_jetpack_memberships_contains_paid_content":false,"footnotes":"","jetpack_publicize_message":"","jetpack_publicize_feature_enabled":true,"jetpack_social_post_already_shared":true,"jetpack_social_options":{"image_generator_settings":{"template":"highway","default_image_id":0,"font":"","enabled":false},"version":2}},"categories":[21,952,4],"tags":[22,331,615],"class_list":["post-71701","post","type-post","status-publish","format-standard","has-post-thumbnail","hentry","category-aguascalientes","category-fgea","category-gobierno-del-estado-aguascalientes","tag-aguascalientes","tag-fiscalia-general-del-estado-de-aguascalientes","tag-gobierno-del-estado-de-aguascalientes"],"jetpack_publicize_connections":[],"jetpack_featured_media_url":"https:\/\/i0.wp.com\/informativoelvalledeaguascalientes.online\/wp-content\/uploads\/2025\/06\/9f52d8ae-8778-49b0-b5a3-5297d158ab0b.jpg?fit=1600%2C671&ssl=1","jetpack-related-posts":[],"jetpack_sharing_enabled":true,"jetpack_likes_enabled":true,"_links":{"self":[{"href":"https:\/\/informativoelvalledeaguascalientes.online\/index.php?rest_route=\/wp\/v2\/posts\/71701","targetHints":{"allow":["GET"]}}],"collection":[{"href":"https:\/\/informativoelvalledeaguascalientes.online\/index.php?rest_route=\/wp\/v2\/posts"}],"about":[{"href":"https:\/\/informativoelvalledeaguascalientes.online\/index.php?rest_route=\/wp\/v2\/types\/post"}],"author":[{"embeddable":true,"href":"https:\/\/informativoelvalledeaguascalientes.online\/index.php?rest_route=\/wp\/v2\/users\/1"}],"replies":[{"embeddable":true,"href":"https:\/\/informativoelvalledeaguascalientes.online\/index.php?rest_route=%2Fwp%2Fv2%2Fcomments&post=71701"}],"version-history":[{"count":1,"href":"https:\/\/informativoelvalledeaguascalientes.online\/index.php?rest_route=\/wp\/v2\/posts\/71701\/revisions"}],"predecessor-version":[{"id":71703,"href":"https:\/\/informativoelvalledeaguascalientes.online\/index.php?rest_route=\/wp\/v2\/posts\/71701\/revisions\/71703"}],"wp:featuredmedia":[{"embeddable":true,"href":"https:\/\/informativoelvalledeaguascalientes.online\/index.php?rest_route=\/wp\/v2\/media\/71702"}],"wp:attachment":[{"href":"https:\/\/informativoelvalledeaguascalientes.online\/index.php?rest_route=%2Fwp%2Fv2%2Fmedia&parent=71701"}],"wp:term":[{"taxonomy":"category","embeddable":true,"href":"https:\/\/informativoelvalledeaguascalientes.online\/index.php?rest_route=%2Fwp%2Fv2%2Fcategories&post=71701"},{"taxonomy":"post_tag","embeddable":true,"href":"https:\/\/informativoelvalledeaguascalientes.online\/index.php?rest_route=%2Fwp%2Fv2%2Ftags&post=71701"}],"curies":[{"name":"wp","href":"https:\/\/api.w.org\/{rel}","templated":true}]}}