{"id":71687,"date":"2025-06-06T20:26:38","date_gmt":"2025-06-07T02:26:38","guid":{"rendered":"https:\/\/informativoelvalledeaguascalientes.online\/?p=71687"},"modified":"2025-06-06T20:26:38","modified_gmt":"2025-06-07T02:26:38","slug":"papa-este-domingo-te-esperamos-con-tu-familia-en-la-plaza-patria-para-celebrar-tu-dia","status":"publish","type":"post","link":"https:\/\/informativoelvalledeaguascalientes.online\/?p=71687","title":{"rendered":"\u00a1PAP\u00c1, ESTE DOMINGO TE ESPERAMOS CON TU FAMILIA EN LA PLAZA PATRIA PARA CELEBRAR TU D\u00cdA!"},"content":{"rendered":"<p>#informativoelvalledeaguascalientes #novaradioaguascalientes #informativoelvalledeaguascalientesll #Aguascalientes<\/p>\n<p>&nbsp;<\/p>\n<p>&nbsp;<\/p>\n<p>\u00a1Este domingo 8 de junio, la Plaza Patria se convertir\u00e1 en el lugar ideal para celebrar a los pap\u00e1s en su d\u00eda! Aguascalientes ofrece una edici\u00f3n especial de la V\u00edaAgs con actividades gratuitas para que padres e hijos disfruten juntos de un d\u00eda lleno de diversi\u00f3n y convivencia.<\/p>\n<p>Desde las 9:00 hasta las 14:00 horas, la Plaza Patria se llenar\u00e1 de emoci\u00f3n con un rally familiar que pondr\u00e1 a prueba la creatividad y habilidades de padres e hijos. Adem\u00e1s, podr\u00e1n participar en una rodada ciclista por las calles del centro, disfrutar de paseos gratuitos en el YoVoycito y recorrer la ciudad en las divertidas bicis unidas. Tambi\u00e9n habr\u00e1 pr\u00e9stamo gratuito de bicicletas para que todos puedan unirse a la diversi\u00f3n.<\/p>\n<p>Pero eso no es todo. La Secretar\u00eda de Sustentabilidad, Medio Ambiente y Agua estar\u00e1 presente con la donaci\u00f3n de plantas para llevar un pedacito de naturaleza a casa. La Procuradur\u00eda Estatal de Protecci\u00f3n al Ambiente ofrecer\u00e1 atenci\u00f3n veterinaria y vacunaci\u00f3n para tus mascotas. El Instituto de Capacitaci\u00f3n para el Trabajo brindar\u00e1 cortes de cabello y masajes faciales gratuitos. Y la Oficina de Atenci\u00f3n al Visitante y el Instituto para la Educaci\u00f3n de las Personas J\u00f3venes y Adultas tendr\u00e1n estands informativos para resolver tus dudas.<\/p>\n<p>Para los amantes de los autos, el Club Mustang Aguascalientes exhibir\u00e1 sus veh\u00edculos, brindando una oportunidad \u00fanica para tomarse fotos con estos autos espectaculares.<\/p>\n<p>\u00a1No te pierdas este d\u00eda lleno de actividades recreativas, deportivas y culturales pensadas especialmente para que pap\u00e1s e hijos disfruten juntos! La V\u00edaAgs es una iniciativa que promueve la integraci\u00f3n familiar, la pr\u00e1ctica deportiva y el sano esparcimiento, y en esta edici\u00f3n especial, se busca ofrecer a las familias de Aguascalientes un espacio para convivir y celebrar.<\/p>\n<p>\u00a1Te esperamos para disfrutar juntos de un d\u00eda inolvidable!<\/p>\n","protected":false},"excerpt":{"rendered":"<p>#informativoelvalledeaguascalientes #novaradioaguascalientes #informativoelvalledeaguascalientesll #Aguascalientes &nbsp; &nbsp; \u00a1Este domingo 8 de junio, la Plaza Patria se convertir\u00e1 en el lugar ideal para celebrar a los pap\u00e1s en su d\u00eda! Aguascalientes ofrece una edici\u00f3n especial de la V\u00edaAgs con actividades gratuitas para que padres e hijos disfruten juntos de un d\u00eda lleno de diversi\u00f3n y convivencia. Desde [&hellip;]<\/p>\n","protected":false},"author":1,"featured_media":71688,"comment_status":"closed","ping_status":"open","sticky":false,"template":"","format":"standard","meta":{"advanced_seo_description":"","jetpack_seo_html_title":"","jetpack_seo_noindex":false,"_jetpack_memberships_contains_paid_content":false,"footnotes":"","jetpack_publicize_message":"","jetpack_publicize_feature_enabled":true,"jetpack_social_post_already_shared":true,"jetpack_social_options":{"image_generator_settings":{"template":"highway","default_image_id":0,"font":"","enabled":false},"version":2}},"categories":[21,4],"tags":[22,615,86,728],"class_list":["post-71687","post","type-post","status-publish","format-standard","has-post-thumbnail","hentry","category-aguascalientes","category-gobierno-del-estado-aguascalientes","tag-aguascalientes","tag-gobierno-del-estado-de-aguascalientes","tag-proespa","tag-secretaria-de-sustentabilidad-medio-ambiente-y-agua"],"jetpack_publicize_connections":[],"jetpack_featured_media_url":"https:\/\/i0.wp.com\/informativoelvalledeaguascalientes.online\/wp-content\/uploads\/2025\/06\/a1c55a79-4a8a-48b9-8a68-b0e11870dc3c.jpg?fit=1273%2C1279&ssl=1","jetpack-related-posts":[],"jetpack_sharing_enabled":true,"jetpack_likes_enabled":true,"_links":{"self":[{"href":"https:\/\/informativoelvalledeaguascalientes.online\/index.php?rest_route=\/wp\/v2\/posts\/71687","targetHints":{"allow":["GET"]}}],"collection":[{"href":"https:\/\/informativoelvalledeaguascalientes.online\/index.php?rest_route=\/wp\/v2\/posts"}],"about":[{"href":"https:\/\/informativoelvalledeaguascalientes.online\/index.php?rest_route=\/wp\/v2\/types\/post"}],"author":[{"embeddable":true,"href":"https:\/\/informativoelvalledeaguascalientes.online\/index.php?rest_route=\/wp\/v2\/users\/1"}],"replies":[{"embeddable":true,"href":"https:\/\/informativoelvalledeaguascalientes.online\/index.php?rest_route=%2Fwp%2Fv2%2Fcomments&post=71687"}],"version-history":[{"count":1,"href":"https:\/\/informativoelvalledeaguascalientes.online\/index.php?rest_route=\/wp\/v2\/posts\/71687\/revisions"}],"predecessor-version":[{"id":71689,"href":"https:\/\/informativoelvalledeaguascalientes.online\/index.php?rest_route=\/wp\/v2\/posts\/71687\/revisions\/71689"}],"wp:featuredmedia":[{"embeddable":true,"href":"https:\/\/informativoelvalledeaguascalientes.online\/index.php?rest_route=\/wp\/v2\/media\/71688"}],"wp:attachment":[{"href":"https:\/\/informativoelvalledeaguascalientes.online\/index.php?rest_route=%2Fwp%2Fv2%2Fmedia&parent=71687"}],"wp:term":[{"taxonomy":"category","embeddable":true,"href":"https:\/\/informativoelvalledeaguascalientes.online\/index.php?rest_route=%2Fwp%2Fv2%2Fcategories&post=71687"},{"taxonomy":"post_tag","embeddable":true,"href":"https:\/\/informativoelvalledeaguascalientes.online\/index.php?rest_route=%2Fwp%2Fv2%2Ftags&post=71687"}],"curies":[{"name":"wp","href":"https:\/\/api.w.org\/{rel}","templated":true}]}}