{"id":71681,"date":"2025-06-06T20:13:52","date_gmt":"2025-06-07T02:13:52","guid":{"rendered":"https:\/\/informativoelvalledeaguascalientes.online\/?p=71681"},"modified":"2025-06-06T20:13:52","modified_gmt":"2025-06-07T02:13:52","slug":"no-los-tires-dona-tus-aparatos-electronicos-y-ayuda-a-quien-mas-lo-necesita","status":"publish","type":"post","link":"https:\/\/informativoelvalledeaguascalientes.online\/?p=71681","title":{"rendered":"\u00a1NO LOS TIRES! DONA TUS APARATOS ELECTR\u00d3NICOS Y AYUDA A QUIEN M\u00c1S LO NECESITA"},"content":{"rendered":"<p>#informativoelvalledeaguascalientes #novaradioaguascalientes #informativoelvalledeaguascalientesll #Aguascalientes<\/p>\n<p>&nbsp;<\/p>\n<p>&nbsp;<\/p>\n<p>\u00bfTienes aparatos electr\u00f3nicos en casa que ya no usas o no funcionan? \u00a1No los tires! Don\u00e1ndolos puedes ayudar a que personas en situaci\u00f3n vulnerable reciban sillas de ruedas, lentes, aparatos ortop\u00e9dicos y otros apoyos funcionales que mejoren su calidad de vida.<\/p>\n<p>El Sistema para el Desarrollo Integral de la Familia (DIF) Estatal, en conjunto con la Procuradur\u00eda Estatal de Protecci\u00f3n al Ambiente (Proespa) y la Fundaci\u00f3n Facultad A. C., invita a toda la poblaci\u00f3n a participar en el Bazar Ambiental, una iniciativa que transforma residuos electr\u00f3nicos en esperanza para quienes m\u00e1s lo necesitan.<\/p>\n<p>\u00bfQu\u00e9 puedes donar?<\/p>\n<p>Televisores, pantallas, consolas de videojuegos, computadoras, laptops, impresoras, refrigeradores, lavadoras, microondas, ventiladores, licuadoras, batidoras, cafeteras, radiograbadoras, celulares, tabletas, cargadores y cualquier aparato que funcione con energ\u00eda el\u00e9ctrica.<\/p>\n<p>La recepci\u00f3n de los aparatos electr\u00f3nicos terminar\u00e1 el 4 de julio de 2025 y se puede realizar en los centros de acopio ubicados en el DIF Estatal, en av. de la Convenci\u00f3n sur, esquina con av. de los Maestros s\/n, col. Espa\u00f1a y en la Proespa: av. de la Convenci\u00f3n sur No. 102, int. #202, col. Agricultura, horario de 8:30 a 15:00 horas.<\/p>\n<p>Para m\u00e1s informaci\u00f3n, puedes llamar al 449 917 10 51.<\/p>\n<p>\u00a1S\u00famate al Bazar Ambiental y haz la diferencia!<\/p>\n","protected":false},"excerpt":{"rendered":"<p>#informativoelvalledeaguascalientes #novaradioaguascalientes #informativoelvalledeaguascalientesll #Aguascalientes &nbsp; &nbsp; \u00bfTienes aparatos electr\u00f3nicos en casa que ya no usas o no funcionan? \u00a1No los tires! Don\u00e1ndolos puedes ayudar a que personas en situaci\u00f3n vulnerable reciban sillas de ruedas, lentes, aparatos ortop\u00e9dicos y otros apoyos funcionales que mejoren su calidad de vida. El Sistema para el Desarrollo Integral de la [&hellip;]<\/p>\n","protected":false},"author":1,"featured_media":71682,"comment_status":"closed","ping_status":"open","sticky":false,"template":"","format":"standard","meta":{"advanced_seo_description":"","jetpack_seo_html_title":"","jetpack_seo_noindex":false,"_jetpack_memberships_contains_paid_content":false,"footnotes":"","jetpack_publicize_message":"","jetpack_publicize_feature_enabled":true,"jetpack_social_post_already_shared":true,"jetpack_social_options":{"image_generator_settings":{"template":"highway","default_image_id":0,"font":"","enabled":false},"version":2}},"categories":[21,4],"tags":[22,65,615,86],"class_list":["post-71681","post","type-post","status-publish","format-standard","has-post-thumbnail","hentry","category-aguascalientes","category-gobierno-del-estado-aguascalientes","tag-aguascalientes","tag-dif-estatal-aguascalientes","tag-gobierno-del-estado-de-aguascalientes","tag-proespa"],"jetpack_publicize_connections":[],"jetpack_featured_media_url":"https:\/\/i0.wp.com\/informativoelvalledeaguascalientes.online\/wp-content\/uploads\/2025\/06\/bb8b7639-7687-413b-b3ae-8f09e39191f0.jpg?fit=1600%2C882&ssl=1","jetpack-related-posts":[],"jetpack_sharing_enabled":true,"jetpack_likes_enabled":true,"_links":{"self":[{"href":"https:\/\/informativoelvalledeaguascalientes.online\/index.php?rest_route=\/wp\/v2\/posts\/71681","targetHints":{"allow":["GET"]}}],"collection":[{"href":"https:\/\/informativoelvalledeaguascalientes.online\/index.php?rest_route=\/wp\/v2\/posts"}],"about":[{"href":"https:\/\/informativoelvalledeaguascalientes.online\/index.php?rest_route=\/wp\/v2\/types\/post"}],"author":[{"embeddable":true,"href":"https:\/\/informativoelvalledeaguascalientes.online\/index.php?rest_route=\/wp\/v2\/users\/1"}],"replies":[{"embeddable":true,"href":"https:\/\/informativoelvalledeaguascalientes.online\/index.php?rest_route=%2Fwp%2Fv2%2Fcomments&post=71681"}],"version-history":[{"count":1,"href":"https:\/\/informativoelvalledeaguascalientes.online\/index.php?rest_route=\/wp\/v2\/posts\/71681\/revisions"}],"predecessor-version":[{"id":71683,"href":"https:\/\/informativoelvalledeaguascalientes.online\/index.php?rest_route=\/wp\/v2\/posts\/71681\/revisions\/71683"}],"wp:featuredmedia":[{"embeddable":true,"href":"https:\/\/informativoelvalledeaguascalientes.online\/index.php?rest_route=\/wp\/v2\/media\/71682"}],"wp:attachment":[{"href":"https:\/\/informativoelvalledeaguascalientes.online\/index.php?rest_route=%2Fwp%2Fv2%2Fmedia&parent=71681"}],"wp:term":[{"taxonomy":"category","embeddable":true,"href":"https:\/\/informativoelvalledeaguascalientes.online\/index.php?rest_route=%2Fwp%2Fv2%2Fcategories&post=71681"},{"taxonomy":"post_tag","embeddable":true,"href":"https:\/\/informativoelvalledeaguascalientes.online\/index.php?rest_route=%2Fwp%2Fv2%2Ftags&post=71681"}],"curies":[{"name":"wp","href":"https:\/\/api.w.org\/{rel}","templated":true}]}}