{"id":71425,"date":"2025-06-01T23:57:37","date_gmt":"2025-06-02T05:57:37","guid":{"rendered":"https:\/\/informativoelvalledeaguascalientes.online\/?p=71425"},"modified":"2025-06-02T20:00:10","modified_gmt":"2025-06-03T02:00:10","slug":"se-clausuraron-las-%f0%9d%97%99%f0%9d%97%b6%f0%9d%97%b2%f0%9d%98%80%f0%9d%98%81%f0%9d%97%ae%f0%9d%98%80-%f0%9d%97%96%f0%9d%98%82%f0%9d%97%b9%f0%9d%98%81%f0%9d%98%82%f0%9d%97%bf%f0%9d%97%ae%f0%9d%97%b9","status":"publish","type":"post","link":"https:\/\/informativoelvalledeaguascalientes.online\/?p=71425","title":{"rendered":"Se clausuraron las \ud835\uddd9\ud835\uddf6\ud835\uddf2\ud835\ude00\ud835\ude01\ud835\uddee\ud835\ude00 \ud835\uddd6\ud835\ude02\ud835\uddf9\ud835\ude01\ud835\ude02\ud835\uddff\ud835\uddee\ud835\uddf9\ud835\uddf2\ud835\ude00 \ud835\uddf1\ud835\uddf2 \ud835\udde0\ud835\uddee\ud835\ude06\ud835\uddfc 2025"},"content":{"rendered":"<p>#informativoelvalledeaguascalientes #novaradioaguascalientes #informativoelvalledeaguascalientesll #Aguascalientes<\/p>\n<p>&nbsp;<\/p>\n<p>&nbsp;<\/p>\n<p>Este primero de junio por la noche se realiz\u00f3 la clausura de esta popular celebraci\u00f3n que se realiz\u00f3 del 24 de mayo al 01 de junio, la cual cont\u00f3 con una gran variedad de actividades deportivas, culturales y espect\u00e1culos musicales.<\/p>\n<p>Daniel Romo Urrutia, presidente municipal de Calvillo, agradeci\u00f3 a todos los que hicieron posible estas fiestas, as\u00ed mismo, resalt\u00f3 que gracias al trabajo conjunto los asistentes pudieron vivir la celebraci\u00f3n en un ambiente de alegr\u00eda y tranquilidad.<\/p>\n<p>La Fiestas Culturales de Mayo, concluyeron con un show de pirotecnia y la presentaci\u00f3n del Circo A\u00e9reo &#8220;Puja&#8221; el cual se present\u00f3 por primera vez en tierras hidroc\u00e1lidas desde Espa\u00f1a.<\/p>\n<p>\u00a1Nos vemos en la Feria Nacional de la Guayaba 2025!<\/p>\n<p>#GobiernoDeCalvillo<\/p>\n","protected":false},"excerpt":{"rendered":"<p>#informativoelvalledeaguascalientes #novaradioaguascalientes #informativoelvalledeaguascalientesll #Aguascalientes &nbsp; &nbsp; Este primero de junio por la noche se realiz\u00f3 la clausura de esta popular celebraci\u00f3n que se realiz\u00f3 del 24 de mayo al 01 de junio, la cual cont\u00f3 con una gran variedad de actividades deportivas, culturales y espect\u00e1culos musicales. Daniel Romo Urrutia, presidente municipal de Calvillo, agradeci\u00f3 a [&hellip;]<\/p>\n","protected":false},"author":1,"featured_media":71426,"comment_status":"closed","ping_status":"open","sticky":false,"template":"","format":"standard","meta":{"advanced_seo_description":"","jetpack_seo_html_title":"","jetpack_seo_noindex":false,"_jetpack_memberships_contains_paid_content":false,"footnotes":"","jetpack_publicize_message":"","jetpack_publicize_feature_enabled":true,"jetpack_social_post_already_shared":true,"jetpack_social_options":{"image_generator_settings":{"template":"highway","default_image_id":0,"font":"","enabled":false},"version":2}},"categories":[21,13],"tags":[22,88,29],"class_list":["post-71425","post","type-post","status-publish","format-standard","has-post-thumbnail","hentry","category-aguascalientes","category-calvillo-aguascalientes","tag-aguascalientes","tag-calvillo","tag-calvillo-aguascalientes"],"jetpack_publicize_connections":[],"jetpack_featured_media_url":"https:\/\/i0.wp.com\/informativoelvalledeaguascalientes.online\/wp-content\/uploads\/2025\/06\/3a529af5-3d5b-4ea2-8768-4f72ccb1de51.jpg?fit=1500%2C1000&ssl=1","jetpack-related-posts":[],"jetpack_sharing_enabled":true,"jetpack_likes_enabled":true,"_links":{"self":[{"href":"https:\/\/informativoelvalledeaguascalientes.online\/index.php?rest_route=\/wp\/v2\/posts\/71425","targetHints":{"allow":["GET"]}}],"collection":[{"href":"https:\/\/informativoelvalledeaguascalientes.online\/index.php?rest_route=\/wp\/v2\/posts"}],"about":[{"href":"https:\/\/informativoelvalledeaguascalientes.online\/index.php?rest_route=\/wp\/v2\/types\/post"}],"author":[{"embeddable":true,"href":"https:\/\/informativoelvalledeaguascalientes.online\/index.php?rest_route=\/wp\/v2\/users\/1"}],"replies":[{"embeddable":true,"href":"https:\/\/informativoelvalledeaguascalientes.online\/index.php?rest_route=%2Fwp%2Fv2%2Fcomments&post=71425"}],"version-history":[{"count":1,"href":"https:\/\/informativoelvalledeaguascalientes.online\/index.php?rest_route=\/wp\/v2\/posts\/71425\/revisions"}],"predecessor-version":[{"id":71427,"href":"https:\/\/informativoelvalledeaguascalientes.online\/index.php?rest_route=\/wp\/v2\/posts\/71425\/revisions\/71427"}],"wp:featuredmedia":[{"embeddable":true,"href":"https:\/\/informativoelvalledeaguascalientes.online\/index.php?rest_route=\/wp\/v2\/media\/71426"}],"wp:attachment":[{"href":"https:\/\/informativoelvalledeaguascalientes.online\/index.php?rest_route=%2Fwp%2Fv2%2Fmedia&parent=71425"}],"wp:term":[{"taxonomy":"category","embeddable":true,"href":"https:\/\/informativoelvalledeaguascalientes.online\/index.php?rest_route=%2Fwp%2Fv2%2Fcategories&post=71425"},{"taxonomy":"post_tag","embeddable":true,"href":"https:\/\/informativoelvalledeaguascalientes.online\/index.php?rest_route=%2Fwp%2Fv2%2Ftags&post=71425"}],"curies":[{"name":"wp","href":"https:\/\/api.w.org\/{rel}","templated":true}]}}