{"id":71161,"date":"2025-05-26T14:23:45","date_gmt":"2025-05-26T20:23:45","guid":{"rendered":"https:\/\/informativoelvalledeaguascalientes.online\/?p=71161"},"modified":"2025-05-31T14:25:58","modified_gmt":"2025-05-31T20:25:58","slug":"todo-listo-para-vivir-la-magia-de-la-feria-de-los-chicahuales-2025-en-jesus-maria","status":"publish","type":"post","link":"https:\/\/informativoelvalledeaguascalientes.online\/?p=71161","title":{"rendered":"TODO LISTO PARA VIVIR LA MAGIA DE LA FERIA DE LOS CHICAHUALES 2025 EN JES\u00daS MAR\u00cdA"},"content":{"rendered":"<p>#informativoelvalledeaguascalientes #novaradioaguascalientes #informativoelvalledeaguascalientesll #Aguascalientes<\/p>\n<p>&nbsp;<\/p>\n<p>&nbsp;<\/p>\n<p>\u2022 El 90 por ciento de las actividades son gratuitas<br \/>\n\u2022 Contar\u00e1 con actividades deportivas, culturales, religiosas y de entretenimiento<br \/>\n\u2022 Espa\u00f1a ser\u00e1 el pa\u00eds invitado<\/p>\n<p>&nbsp;<\/p>\n<p>En medio de un ambiente de alegr\u00eda y entusiasmo, el presidente municipal de Jes\u00fas Mar\u00eda, C\u00e9sar Medina, present\u00f3 de manera oficial el programa general de la tradicional Feria de los Chicahuales 2025<\/p>\n<p>Bajo el lema \u201cEmp\u00e1pate\u201d, esta celebraci\u00f3n estar\u00e1 llena de folclor, fiesta y tradici\u00f3n, con una oferta cultural, deportiva y religiosa para toda la familia. Durante su mensaje, el alcalde destac\u00f3 que el 90% de las actividades ser\u00e1n completamente gratuitas, reafirmando el compromiso de su administraci\u00f3n por acercar el arte, la cultura y el entretenimiento a todas y todos los ciudadanos.<\/p>\n<p>Destac\u00f3 que del 04 al 13 de julio se llevar\u00e1 a cabo la semana religiosa que contara con la visita de la virgen peregrina de San Juan; del 11 al 17 de julio ser\u00e1 la semana deportiva, mientras que del 18 de julio al 03 de agosto ser\u00e1n las actividades culturales y art\u00edsticas.<\/p>\n<p>En esta edici\u00f3n, el pa\u00eds invitado ser\u00e1 Espa\u00f1a, cuya cultura estar\u00e1 presente a trav\u00e9s de distintas actividades, asimismo, se llevar\u00e1 a cabo el tercer festival del queso y el vino el 27 de julio, as\u00ed como el sexto festival de la michelada el 20 de julio.<\/p>\n<p>La oferta art\u00edstica ser\u00e1 uno de los grandes atractivos del evento, con presentaciones en el Teatro del Pueblo, un foro que cuenta con capacidad para 20 mil personas donde se presentar\u00e1n artistas de primer nivel y para todos los gustos, destacando que ninguno de los artistas promueve contenidos que hagan apolog\u00eda del delito, privilegiando espect\u00e1culos sanos y de calidad.<\/p>\n<p>Entre los artistas que se presentar\u00e1n en el teatro del pueblo, se encuentran: La Arrolladora banda el Lim\u00f3n, Aleks Syntek, Pante\u00f3n Rococo, Los \u00c1ngeles Azules, Los Acosta, Grupo Pesado entre otros, asimismo se contar\u00e1 con el Foro Cultural, el Foro Juvenil \u201cPunto Joven\u201d, y el foro Cielo Claro que ofrecer\u00e1n espect\u00e1culos diversos para todos los gustos.<\/p>\n<p>La feria de los Chicahuales contar\u00e1 con un atractivo programa de actividades en el Liezo Charro Xonacatique que incluir\u00e1 el torneo charro, cabalgatas, una charreada de gala, un concurso de equitaci\u00f3n, la presentaci\u00f3n de los enanitos toreros, Freestyle Motocross, as\u00ed como el evento de Cuernos Chuecos; cabe se\u00f1alar que en esta edici\u00f3n la feria contar\u00e1 con una novillada y una corrida de toros.<\/p>\n<p>Finalmente, el alcalde C\u00e9sar Medina invit\u00f3 a todos los jesusmarienses, habitantes de Aguascalientes y visitantes de la regi\u00f3n a disfrutar de esta gran fiesta que a\u00f1o con a\u00f1o da vida a Jes\u00fas Mar\u00eda, envolvi\u00e9ndose en su magia, hospitalidad y tradici\u00f3n.<\/p>\n","protected":false},"excerpt":{"rendered":"<p>#informativoelvalledeaguascalientes #novaradioaguascalientes #informativoelvalledeaguascalientesll #Aguascalientes &nbsp; &nbsp; \u2022 El 90 por ciento de las actividades son gratuitas \u2022 Contar\u00e1 con actividades deportivas, culturales, religiosas y de entretenimiento \u2022 Espa\u00f1a ser\u00e1 el pa\u00eds invitado &nbsp; En medio de un ambiente de alegr\u00eda y entusiasmo, el presidente municipal de Jes\u00fas Mar\u00eda, C\u00e9sar Medina, present\u00f3 de manera oficial el [&hellip;]<\/p>\n","protected":false},"author":1,"featured_media":71162,"comment_status":"closed","ping_status":"open","sticky":false,"template":"","format":"standard","meta":{"advanced_seo_description":"","jetpack_seo_html_title":"","jetpack_seo_noindex":false,"_jetpack_memberships_contains_paid_content":false,"footnotes":"","jetpack_publicize_message":"","jetpack_publicize_feature_enabled":true,"jetpack_social_post_already_shared":true,"jetpack_social_options":{"image_generator_settings":{"template":"highway","default_image_id":0,"font":"","enabled":false},"version":2}},"categories":[21,14],"tags":[22,45],"class_list":["post-71161","post","type-post","status-publish","format-standard","has-post-thumbnail","hentry","category-aguascalientes","category-jesus-maria-aguascalientes","tag-aguascalientes","tag-jesus-maria-aguascalientes"],"jetpack_publicize_connections":[],"jetpack_featured_media_url":"https:\/\/i0.wp.com\/informativoelvalledeaguascalientes.online\/wp-content\/uploads\/2025\/05\/1c8a3d36-2a3a-4c8c-a0f4-230a6e75a828-scaled.jpg?fit=2560%2C1702&ssl=1","jetpack-related-posts":[],"jetpack_sharing_enabled":true,"jetpack_likes_enabled":true,"_links":{"self":[{"href":"https:\/\/informativoelvalledeaguascalientes.online\/index.php?rest_route=\/wp\/v2\/posts\/71161","targetHints":{"allow":["GET"]}}],"collection":[{"href":"https:\/\/informativoelvalledeaguascalientes.online\/index.php?rest_route=\/wp\/v2\/posts"}],"about":[{"href":"https:\/\/informativoelvalledeaguascalientes.online\/index.php?rest_route=\/wp\/v2\/types\/post"}],"author":[{"embeddable":true,"href":"https:\/\/informativoelvalledeaguascalientes.online\/index.php?rest_route=\/wp\/v2\/users\/1"}],"replies":[{"embeddable":true,"href":"https:\/\/informativoelvalledeaguascalientes.online\/index.php?rest_route=%2Fwp%2Fv2%2Fcomments&post=71161"}],"version-history":[{"count":1,"href":"https:\/\/informativoelvalledeaguascalientes.online\/index.php?rest_route=\/wp\/v2\/posts\/71161\/revisions"}],"predecessor-version":[{"id":71163,"href":"https:\/\/informativoelvalledeaguascalientes.online\/index.php?rest_route=\/wp\/v2\/posts\/71161\/revisions\/71163"}],"wp:featuredmedia":[{"embeddable":true,"href":"https:\/\/informativoelvalledeaguascalientes.online\/index.php?rest_route=\/wp\/v2\/media\/71162"}],"wp:attachment":[{"href":"https:\/\/informativoelvalledeaguascalientes.online\/index.php?rest_route=%2Fwp%2Fv2%2Fmedia&parent=71161"}],"wp:term":[{"taxonomy":"category","embeddable":true,"href":"https:\/\/informativoelvalledeaguascalientes.online\/index.php?rest_route=%2Fwp%2Fv2%2Fcategories&post=71161"},{"taxonomy":"post_tag","embeddable":true,"href":"https:\/\/informativoelvalledeaguascalientes.online\/index.php?rest_route=%2Fwp%2Fv2%2Ftags&post=71161"}],"curies":[{"name":"wp","href":"https:\/\/api.w.org\/{rel}","templated":true}]}}