{"id":7114,"date":"2020-05-29T21:37:10","date_gmt":"2020-05-30T03:37:10","guid":{"rendered":"https:\/\/informativoelvalledeaguascalientes.online\/?p=7114"},"modified":"2020-05-29T21:37:10","modified_gmt":"2020-05-30T03:37:10","slug":"fumar-o-vapear-afecta-el-sistema-respiratorio-e-incrementa-el-riesgo-de-infeccion-por-covid-19-issea","status":"publish","type":"post","link":"https:\/\/informativoelvalledeaguascalientes.online\/?p=7114","title":{"rendered":"FUMAR O VAPEAR AFECTA EL SISTEMA RESPIRATORIO E INCREMENTA EL RIESGO DE INFECCI\u00d3N POR COVID-19: ISSEA"},"content":{"rendered":"<ul>\n<li dir=\"ltr\">\n<p dir=\"ltr\">Fumar est\u00e1 relacionado directamente con la evoluci\u00f3n desfavorable y un peor diagn\u00f3stico m\u00e9dico para los pacientes contagiados con Coronavirus<\/p>\n<\/li>\n<\/ul>\n<p>&nbsp;<\/p>\n<p dir=\"ltr\">Previo a la conmemoraci\u00f3n del D\u00eda Mundial Sin Tabaco 2020 a celebrarse el 31 de mayo, el director de Salud Mental y Adicciones del Instituto de Servicios de Salud del Estado de Aguascalientes (ISSEA), Francisco Javier Pedroza Cabrera, advirti\u00f3 sobre las graves consecuencias de fumar o vapear, pues dijo, esta pr\u00e1ctica aumenta hasta 14 veces las probabilidades de desarrollar neumon\u00eda, padecimiento que est\u00e1 relacionado con una evoluci\u00f3n desfavorable y un peor pron\u00f3stico m\u00e9dico para los pacientes contagiados con Coronavirus (COVID-19).<\/p>\n<p>&nbsp;<\/p>\n<p dir=\"ltr\">El especialista record\u00f3 que el tabaco tiene un gran impacto en la salud respiratoria de las personas, pues est\u00e1 comprobada la asociaci\u00f3n entre el consumo de tabaco, la exposici\u00f3n al humo y el c\u00e1ncer de pulm\u00f3n; precis\u00f3 que el tabaquismo es el factor de riesgo m\u00e1s importante para desarrollar enfermedades pulmonares obstructivas cr\u00f3nicas, como la bronquitis y el enfisema pulmonar.<\/p>\n<p>&nbsp;<\/p>\n<p dir=\"ltr\">En este sentido, Pedroza Cabrera consider\u00f3 que por esta raz\u00f3n el COVID-19 podr\u00eda ser una amenaza especialmente grave para aquellos que fuman tabaco o vapean.<\/p>\n<p>&nbsp;<\/p>\n<p dir=\"ltr\">El director de Salud Mental y Adicciones del ISSEA refiri\u00f3 que seg\u00fan estudios del Centro de Investigaci\u00f3n y Educaci\u00f3n para el Control del Tabaquismo de la Universidad de California, encontraron que el humo del tabaco o el humo de un vapeador podr\u00eda transportar el COVID-19 hasta un usuario pasivo, ya que la nube expulsada por los pulmones del fumador puede contener el virus si \u00e9ste se encuentra infectado, y lo puede transportar a otras personas cercanas.<\/p>\n<p>&nbsp;<\/p>\n<p dir=\"ltr\">Subray\u00f3 las autoridades de salud de Aguascalientes contin\u00faan con el objetivo de hacer conciencia entre la poblaci\u00f3n y sensibilizar a las personas sobre la importancia de no practicar el tabaquismo, a trav\u00e9s de pl\u00e1ticas informativas en todas las unidades de salud.<\/p>\n","protected":false},"excerpt":{"rendered":"<p>Fumar est\u00e1 relacionado directamente con la evoluci\u00f3n desfavorable y un peor diagn\u00f3stico m\u00e9dico para los pacientes contagiados con Coronavirus &nbsp; Previo a la conmemoraci\u00f3n del D\u00eda Mundial Sin Tabaco 2020 a celebrarse el 31 de mayo, el director de Salud Mental y Adicciones del Instituto de Servicios de Salud del Estado de Aguascalientes (ISSEA), Francisco [&hellip;]<\/p>\n","protected":false},"author":1,"featured_media":7115,"comment_status":"closed","ping_status":"open","sticky":false,"template":"","format":"standard","meta":{"advanced_seo_description":"","jetpack_seo_html_title":"","jetpack_seo_noindex":false,"_jetpack_memberships_contains_paid_content":false,"footnotes":"","jetpack_publicize_message":"","jetpack_publicize_feature_enabled":true,"jetpack_social_post_already_shared":true,"jetpack_social_options":{"image_generator_settings":{"template":"highway","default_image_id":0,"font":"","enabled":false},"version":2}},"categories":[21,4],"tags":[22,30],"class_list":["post-7114","post","type-post","status-publish","format-standard","has-post-thumbnail","hentry","category-aguascalientes","category-gobierno-del-estado-aguascalientes","tag-aguascalientes","tag-issea"],"jetpack_publicize_connections":[],"jetpack_featured_media_url":"https:\/\/i0.wp.com\/informativoelvalledeaguascalientes.online\/wp-content\/uploads\/2020\/05\/issea_29052020-2.jpg?fit=768%2C576&ssl=1","jetpack-related-posts":[],"jetpack_sharing_enabled":true,"jetpack_likes_enabled":true,"_links":{"self":[{"href":"https:\/\/informativoelvalledeaguascalientes.online\/index.php?rest_route=\/wp\/v2\/posts\/7114","targetHints":{"allow":["GET"]}}],"collection":[{"href":"https:\/\/informativoelvalledeaguascalientes.online\/index.php?rest_route=\/wp\/v2\/posts"}],"about":[{"href":"https:\/\/informativoelvalledeaguascalientes.online\/index.php?rest_route=\/wp\/v2\/types\/post"}],"author":[{"embeddable":true,"href":"https:\/\/informativoelvalledeaguascalientes.online\/index.php?rest_route=\/wp\/v2\/users\/1"}],"replies":[{"embeddable":true,"href":"https:\/\/informativoelvalledeaguascalientes.online\/index.php?rest_route=%2Fwp%2Fv2%2Fcomments&post=7114"}],"version-history":[{"count":1,"href":"https:\/\/informativoelvalledeaguascalientes.online\/index.php?rest_route=\/wp\/v2\/posts\/7114\/revisions"}],"predecessor-version":[{"id":7116,"href":"https:\/\/informativoelvalledeaguascalientes.online\/index.php?rest_route=\/wp\/v2\/posts\/7114\/revisions\/7116"}],"wp:featuredmedia":[{"embeddable":true,"href":"https:\/\/informativoelvalledeaguascalientes.online\/index.php?rest_route=\/wp\/v2\/media\/7115"}],"wp:attachment":[{"href":"https:\/\/informativoelvalledeaguascalientes.online\/index.php?rest_route=%2Fwp%2Fv2%2Fmedia&parent=7114"}],"wp:term":[{"taxonomy":"category","embeddable":true,"href":"https:\/\/informativoelvalledeaguascalientes.online\/index.php?rest_route=%2Fwp%2Fv2%2Fcategories&post=7114"},{"taxonomy":"post_tag","embeddable":true,"href":"https:\/\/informativoelvalledeaguascalientes.online\/index.php?rest_route=%2Fwp%2Fv2%2Ftags&post=7114"}],"curies":[{"name":"wp","href":"https:\/\/api.w.org\/{rel}","templated":true}]}}