{"id":709,"date":"2019-12-08T20:56:30","date_gmt":"2019-12-09T02:56:30","guid":{"rendered":"http:\/\/informativoelvalledeaguascalientes.online\/?p=709"},"modified":"2019-12-08T20:56:30","modified_gmt":"2019-12-09T02:56:30","slug":"en-aguascalientes-si-queremos-al-campo-y-si-lo-apoyamos-gobernador-martin-orozco","status":"publish","type":"post","link":"https:\/\/informativoelvalledeaguascalientes.online\/?p=709","title":{"rendered":"EN AGUASCALIENTES S\u00cd QUEREMOS AL CAMPO Y S\u00cd LO APOYAMOS: GOBERNADOR MART\u00cdN OROZCO \u00a0"},"content":{"rendered":"<ul>\n<li dir=\"ltr\">\n<p dir=\"ltr\">Anuncia Gobernador MOS integradora de lecheros locales para que vendan su producto a mayor precio<\/p>\n<\/li>\n<li dir=\"ltr\">\n<p dir=\"ltr\">Mart\u00edn Orozco entreg\u00f3 apoyos del programa \u00a1Al Campo ya! a productores de El Llano<\/p>\n<\/li>\n<\/ul>\n<p dir=\"ltr\">A pesar de que el a\u00f1o 2020 viene dif\u00edcil, el Gobierno del Estado de Aguascalientes continuar\u00e1 apoyando al campo, porque est\u00e1 convencido de que es un sector que genera econom\u00eda y que los est\u00edmulos que brinda a trav\u00e9s de los programas de la Sedrae, hacen que las familias tengan una mejor producci\u00f3n; as\u00ed lo se\u00f1al\u00f3 el mandatario estatal Mart\u00edn Orozco Sandoval.<\/p>\n<p dir=\"ltr\">Al realizar la entrega de apoyos &#8220;\u00a1Al Campo ya!&#8221; a trabajadores del campo de El Llano, el Gobernador anunci\u00f3 la creaci\u00f3n de una integradora para que productores de leche de municipios de Aguascalientes tengan la oportunidad de comercializar el l\u00e1cteo a un mayor precio, e incluso, puedan realizar otro tipo de producto con mayor valor agradado, por lo que se\u00f1al\u00f3 que en pr\u00f3ximas fechas se dar\u00e1 a conocer toda la informaci\u00f3n sobre este programa que impulsar\u00e1 Gobierno Estatal.<\/p>\n<p dir=\"ltr\">Por otra parte, Orozco Sandoval detall\u00f3 que hasta el momento se han destinado 2.5 millones de pesos al Programa \u00a1Al Campo Ya!, que contempla la entrega de implementos como motobombas, generadores de energ\u00eda, cercos perimetrales, carretillas, azadones, picos, l\u00e1minas, palas redondas, por mencionar algunos.<\/p>\n<p dir=\"ltr\">Finalmente, el Gobernador llam\u00f3 a no perder la fe en el campo y ha seguir trabajando para generar mejores cosechas, pese al panorama econ\u00f3mico nacional y la falta de lluvias. Se comprometi\u00f3 a buscar mayores recursos tanto a nivel federal como con los diputados locales, pues asegur\u00f3 que en Aguascalientes s\u00ed se quiere y s\u00ed se apoya al campo.<\/p>\n<p dir=\"ltr\">Cabe se\u00f1alar que en esta ocasi\u00f3n los 63 beneficiarios recibieron apoyos en equipamiento por una cantidad de 776 mil pesos.<\/p>\n<p dir=\"ltr\">Durante esta entrega que se llev\u00f3 a cabo en las instalaciones del Centro Crecer de El Llano estuvieron presentes autoridades federales, estatales y municipales, as\u00ed como productores quienes agradecieron la labor del Gobernador de apoyar de forma constante a las familias del campo de la entidad.<\/p>\n","protected":false},"excerpt":{"rendered":"<p>Anuncia Gobernador MOS integradora de lecheros locales para que vendan su producto a mayor precio Mart\u00edn Orozco entreg\u00f3 apoyos del programa \u00a1Al Campo ya! a productores de El Llano A pesar de que el a\u00f1o 2020 viene dif\u00edcil, el Gobierno del Estado de Aguascalientes continuar\u00e1 apoyando al campo, porque est\u00e1 convencido de que es un [&hellip;]<\/p>\n","protected":false},"author":1,"featured_media":710,"comment_status":"open","ping_status":"open","sticky":false,"template":"","format":"standard","meta":{"advanced_seo_description":"","jetpack_seo_html_title":"","jetpack_seo_noindex":false,"_jetpack_memberships_contains_paid_content":false,"footnotes":"","jetpack_publicize_message":"","jetpack_publicize_feature_enabled":true,"jetpack_social_post_already_shared":false,"jetpack_social_options":{"image_generator_settings":{"template":"highway","default_image_id":0,"font":"","enabled":false},"version":2}},"categories":[21,17,4],"tags":[22,76,31],"class_list":["post-709","post","type-post","status-publish","format-standard","has-post-thumbnail","hentry","category-aguascalientes","category-el-llano-aguascalientes","category-gobierno-del-estado-aguascalientes","tag-aguascalientes","tag-el-llano","tag-mos"],"jetpack_publicize_connections":[],"jetpack_featured_media_url":"https:\/\/i0.wp.com\/informativoelvalledeaguascalientes.online\/wp-content\/uploads\/2019\/12\/mos_el_llano_08122019.jpg?fit=873%2C582&ssl=1","jetpack-related-posts":[],"jetpack_sharing_enabled":true,"jetpack_likes_enabled":true,"_links":{"self":[{"href":"https:\/\/informativoelvalledeaguascalientes.online\/index.php?rest_route=\/wp\/v2\/posts\/709","targetHints":{"allow":["GET"]}}],"collection":[{"href":"https:\/\/informativoelvalledeaguascalientes.online\/index.php?rest_route=\/wp\/v2\/posts"}],"about":[{"href":"https:\/\/informativoelvalledeaguascalientes.online\/index.php?rest_route=\/wp\/v2\/types\/post"}],"author":[{"embeddable":true,"href":"https:\/\/informativoelvalledeaguascalientes.online\/index.php?rest_route=\/wp\/v2\/users\/1"}],"replies":[{"embeddable":true,"href":"https:\/\/informativoelvalledeaguascalientes.online\/index.php?rest_route=%2Fwp%2Fv2%2Fcomments&post=709"}],"version-history":[{"count":1,"href":"https:\/\/informativoelvalledeaguascalientes.online\/index.php?rest_route=\/wp\/v2\/posts\/709\/revisions"}],"predecessor-version":[{"id":711,"href":"https:\/\/informativoelvalledeaguascalientes.online\/index.php?rest_route=\/wp\/v2\/posts\/709\/revisions\/711"}],"wp:featuredmedia":[{"embeddable":true,"href":"https:\/\/informativoelvalledeaguascalientes.online\/index.php?rest_route=\/wp\/v2\/media\/710"}],"wp:attachment":[{"href":"https:\/\/informativoelvalledeaguascalientes.online\/index.php?rest_route=%2Fwp%2Fv2%2Fmedia&parent=709"}],"wp:term":[{"taxonomy":"category","embeddable":true,"href":"https:\/\/informativoelvalledeaguascalientes.online\/index.php?rest_route=%2Fwp%2Fv2%2Fcategories&post=709"},{"taxonomy":"post_tag","embeddable":true,"href":"https:\/\/informativoelvalledeaguascalientes.online\/index.php?rest_route=%2Fwp%2Fv2%2Ftags&post=709"}],"curies":[{"name":"wp","href":"https:\/\/api.w.org\/{rel}","templated":true}]}}