{"id":7070,"date":"2020-05-28T17:12:05","date_gmt":"2020-05-28T23:12:05","guid":{"rendered":"https:\/\/informativoelvalledeaguascalientes.online\/?p=7070"},"modified":"2020-05-28T17:12:05","modified_gmt":"2020-05-28T23:12:05","slug":"ica-instala-consejo-ejecutivo-de-ciudades-creativas-de-la-unesco-en-aguascalientes","status":"publish","type":"post","link":"https:\/\/informativoelvalledeaguascalientes.online\/?p=7070","title":{"rendered":"ICA INSTALA CONSEJO EJECUTIVO DE CIUDADES CREATIVAS DE LA UNESCO EN AGUASCALIENTES\u00a0"},"content":{"rendered":"<p>\u00b7\u00a0\u00a0\u00a0\u00a0\u00a0\u00a0\u00a0\u00a0\u00a0<b><i>Participan los titulares de cultura de los 11 municipios de la entidad y los Coordinadores de las Casas de la Cultura<\/i><\/b><\/p>\n<p>\u00b7\u00a0\u00a0\u00a0\u00a0\u00a0\u00a0\u00a0\u00a0\u00a0<b><i>Aguascalientes es la primera entidad que integra a su red de municipios en este programa mundial<\/i><\/b><\/p>\n<p>&nbsp;<\/p>\n<p>En seguimiento a los trabajos derivados del Convenio de Cooperaci\u00f3n que el Gobierno del Estado firm\u00f3 en agosto de 2019 con la UNESCO, se llev\u00f3 a cabo la instalaci\u00f3n del Consejo Ejecutivo de Ciudades Creativas de la UNESCO en Aguascalientes, con la coordinaci\u00f3n general del Instituto Cultural de Aguascalientes (ICA) y del organismo internacional.<\/p>\n<p>&nbsp;<\/p>\n<p>La sesi\u00f3n virtual fue dirigida por Claudia Santa Ana Zald\u00edvar, Directora General del Instituto Cultural de Aguascalientes, y por Carlos Tejada, Director de Ciudades Creativas de UNESCO. En la sesi\u00f3n participaron los titulares de cultura de las 11 alcald\u00edas del estado y los coordinadores de las Casas de la Cultura de todos los municipios.<\/p>\n<p>&nbsp;<\/p>\n<p>Este proyecto reviste especial importancia por la horizontalidad y transversalidad de las pol\u00edticas p\u00fablicas que el ICA ha promovido al gestar programas y acciones para impulsar la innovaci\u00f3n y el desarrollo cultural, articulando esfuerzos con sectores como el econ\u00f3mico, el educativo, el de la salud y, muy pronto, con el tur\u00edstico, con el acompa\u00f1amiento t\u00e9cnico de la UNESCO.<\/p>\n<p>&nbsp;<\/p>\n<p>Este Consejo tendr\u00e1 por encargo realizar, metodol\u00f3gicamente, un cat\u00e1logo que permita visibilizar el capital art\u00edstico y cultural de todo el estado, con el objetivo de reconocer su diversidad y las oportunidades de colaboraci\u00f3n, lo que permitir\u00e1 que nuestra entidad consolide su participaci\u00f3n en el programa mundial Ciudades Creativas, a fin de impulsar conjuntamente la econom\u00eda creativa.<\/p>\n<p>&nbsp;<\/p>\n<p>La Red Mundial de Ciudades Creativas de la UNESCO tiene, desde 2017, un cat\u00e1logo de 180 ciudades en 72 pa\u00edses. Sin embargo, Aguascalientes es la primera entidad en integrar no s\u00f3lo a una ciudad, sino a una red de municipios a este programa mundial.<\/p>\n<p>&nbsp;<\/p>\n<p>Esta red fue creada en 2004 por la UNESCO, para poner a la innovaci\u00f3n y a la creatividad en el centro de las nuevas estrategias urbanas, con la finalidad de lograr un desarrollo m\u00e1s sostenible e inclusivo.<\/p>\n","protected":false},"excerpt":{"rendered":"<p>\u00b7\u00a0\u00a0\u00a0\u00a0\u00a0\u00a0\u00a0\u00a0\u00a0Participan los titulares de cultura de los 11 municipios de la entidad y los Coordinadores de las Casas de la Cultura \u00b7\u00a0\u00a0\u00a0\u00a0\u00a0\u00a0\u00a0\u00a0\u00a0Aguascalientes es la primera entidad que integra a su red de municipios en este programa mundial &nbsp; En seguimiento a los trabajos derivados del Convenio de Cooperaci\u00f3n que el Gobierno del Estado firm\u00f3 en [&hellip;]<\/p>\n","protected":false},"author":1,"featured_media":7071,"comment_status":"closed","ping_status":"open","sticky":false,"template":"","format":"standard","meta":{"advanced_seo_description":"","jetpack_seo_html_title":"","jetpack_seo_noindex":false,"_jetpack_memberships_contains_paid_content":false,"footnotes":"","jetpack_publicize_message":"","jetpack_publicize_feature_enabled":true,"jetpack_social_post_already_shared":true,"jetpack_social_options":{"image_generator_settings":{"template":"highway","default_image_id":0,"font":"","enabled":false},"version":2}},"categories":[21,4],"tags":[22,52],"class_list":["post-7070","post","type-post","status-publish","format-standard","has-post-thumbnail","hentry","category-aguascalientes","category-gobierno-del-estado-aguascalientes","tag-aguascalientes","tag-ica"],"jetpack_publicize_connections":[],"jetpack_featured_media_url":"https:\/\/i0.wp.com\/informativoelvalledeaguascalientes.online\/wp-content\/uploads\/2020\/05\/ica_28052020.jpg?fit=864%2C576&ssl=1","jetpack-related-posts":[],"jetpack_sharing_enabled":true,"jetpack_likes_enabled":true,"_links":{"self":[{"href":"https:\/\/informativoelvalledeaguascalientes.online\/index.php?rest_route=\/wp\/v2\/posts\/7070","targetHints":{"allow":["GET"]}}],"collection":[{"href":"https:\/\/informativoelvalledeaguascalientes.online\/index.php?rest_route=\/wp\/v2\/posts"}],"about":[{"href":"https:\/\/informativoelvalledeaguascalientes.online\/index.php?rest_route=\/wp\/v2\/types\/post"}],"author":[{"embeddable":true,"href":"https:\/\/informativoelvalledeaguascalientes.online\/index.php?rest_route=\/wp\/v2\/users\/1"}],"replies":[{"embeddable":true,"href":"https:\/\/informativoelvalledeaguascalientes.online\/index.php?rest_route=%2Fwp%2Fv2%2Fcomments&post=7070"}],"version-history":[{"count":1,"href":"https:\/\/informativoelvalledeaguascalientes.online\/index.php?rest_route=\/wp\/v2\/posts\/7070\/revisions"}],"predecessor-version":[{"id":7072,"href":"https:\/\/informativoelvalledeaguascalientes.online\/index.php?rest_route=\/wp\/v2\/posts\/7070\/revisions\/7072"}],"wp:featuredmedia":[{"embeddable":true,"href":"https:\/\/informativoelvalledeaguascalientes.online\/index.php?rest_route=\/wp\/v2\/media\/7071"}],"wp:attachment":[{"href":"https:\/\/informativoelvalledeaguascalientes.online\/index.php?rest_route=%2Fwp%2Fv2%2Fmedia&parent=7070"}],"wp:term":[{"taxonomy":"category","embeddable":true,"href":"https:\/\/informativoelvalledeaguascalientes.online\/index.php?rest_route=%2Fwp%2Fv2%2Fcategories&post=7070"},{"taxonomy":"post_tag","embeddable":true,"href":"https:\/\/informativoelvalledeaguascalientes.online\/index.php?rest_route=%2Fwp%2Fv2%2Ftags&post=7070"}],"curies":[{"name":"wp","href":"https:\/\/api.w.org\/{rel}","templated":true}]}}