{"id":6958,"date":"2020-05-26T09:25:03","date_gmt":"2020-05-26T15:25:03","guid":{"rendered":"https:\/\/informativoelvalledeaguascalientes.online\/?p=6958"},"modified":"2020-05-26T09:25:03","modified_gmt":"2020-05-26T15:25:03","slug":"gobernador-mos-agradece-compromiso-social-por-parte-de-nissan-aguascalientes","status":"publish","type":"post","link":"https:\/\/informativoelvalledeaguascalientes.online\/?p=6958","title":{"rendered":"GOBERNADOR MOS AGRADECE COMPROMISO SOCIAL POR PARTE DE NISSAN AGUASCALIENTES\u00a0"},"content":{"rendered":"<p dir=\"ltr\">Mart\u00edn Orozco se\u00f1al\u00f3 que ante la crisis econ\u00f3mica venidera, se debe actuar con responsabilidad social protegiendo la salud de la fuerza laboral, as\u00ed como garantizando su sustento<\/p>\n<ul>\n<li dir=\"ltr\">\n<p dir=\"ltr\">Planta A2 reanuda operaciones al 100%; comenzar\u00e1n hoy mismo las exportaciones.<\/p>\n<\/li>\n<\/ul>\n<p>&nbsp;<\/p>\n<p dir=\"ltr\">En una visita de supervisi\u00f3n para verificar que se est\u00e1n llevado a cabo los protocolos de sanidad adecuados para el regreso seguro a sus operaciones, el gobernador Mart\u00edn Orozco Sandoval agradeci\u00f3 la sensibilidad y el sentido de responsabilidad social de la empresa Nissan en Aguascalientes.<\/p>\n<p>&nbsp;<\/p>\n<p dir=\"ltr\">Orozco Sandoval precis\u00f3 que los efectos de la pandemia por el Coronavirus afectar\u00e1n la econom\u00eda de M\u00e9xico y el mundo, por lo que el compromiso con las y los trabajadores, quienes son la fuerza que empuja el desarrollo, es para proteger su salud y la de sus familias, paralelo a garantizar su sustento.<\/p>\n<p>&nbsp;<\/p>\n<p dir=\"ltr\">El mandatario record\u00f3 que 12 mil empleos directos e indirectos dependen de las plantas Nissan en Aguascalientes, las cuales estuvieron detenidas desde el 25 de marzo a causa de la contingencia sanitaria por el COVID-19; sin embargo, gracias a la precisi\u00f3n en el dise\u00f1o y manejo de los protocolos sanitarios, hoy m\u00e1s de 4 mil personas han regresado a sus labores.<\/p>\n<p>&nbsp;<\/p>\n<p dir=\"ltr\">Por su parte, Armando \u00c1vila Moreno, Vicepresidente de Nissan Mexicana, se\u00f1al\u00f3 que fue un gran reto para la empresa lograr que el cien por ciento de los empleados que hoy se reintegran a laborar, contaran con lo necesario para salir de sus casas preparados con las medidas que habr\u00e1n de seguir.<\/p>\n<p>&nbsp;<\/p>\n<p dir=\"ltr\">Adem\u00e1s, \u00c1vila Moreno apunt\u00f3 que en estas semanas, los empleados se organizaron para hacer la donaci\u00f3n de mil 200 despensas; adem\u00e1s, por parte de la empresa se otorgaron equipos de protecci\u00f3n para el sector salud, lo que subraya el sentido de responsabilidad social de esta compa\u00f1\u00eda.<\/p>\n<p>&nbsp;<\/p>\n<p dir=\"ltr\">Durante la visita a la plata A2, la cual hoy arranc\u00f3 sus operaciones al 100 por ciento, se anunci\u00f3 que se reanudan los env\u00edos a Estados Unidos, lo que significa una reactivaci\u00f3n para la econom\u00eda local, nacional e internacional.<\/p>\n<p>&nbsp;<\/p>\n<p dir=\"ltr\">As\u00ed mismo, fue anunciado ante el gobernador que a ra\u00edz de la contingencia, la planta A2 de Nissan Aguascalientes comenzar\u00e1 la fabricaci\u00f3n de equipos de seguridad; mascarillas n95 y cubrebocas quir\u00fargicos, para su personal.<\/p>\n","protected":false},"excerpt":{"rendered":"<p>Mart\u00edn Orozco se\u00f1al\u00f3 que ante la crisis econ\u00f3mica venidera, se debe actuar con responsabilidad social protegiendo la salud de la fuerza laboral, as\u00ed como garantizando su sustento Planta A2 reanuda operaciones al 100%; comenzar\u00e1n hoy mismo las exportaciones. &nbsp; En una visita de supervisi\u00f3n para verificar que se est\u00e1n llevado a cabo los protocolos de [&hellip;]<\/p>\n","protected":false},"author":1,"featured_media":6959,"comment_status":"closed","ping_status":"open","sticky":false,"template":"","format":"standard","meta":{"advanced_seo_description":"","jetpack_seo_html_title":"","jetpack_seo_noindex":false,"_jetpack_memberships_contains_paid_content":false,"footnotes":"","jetpack_publicize_message":"","jetpack_publicize_feature_enabled":true,"jetpack_social_post_already_shared":true,"jetpack_social_options":{"image_generator_settings":{"template":"highway","default_image_id":0,"font":"","enabled":false},"version":2}},"categories":[21,4],"tags":[22,31],"class_list":["post-6958","post","type-post","status-publish","format-standard","has-post-thumbnail","hentry","category-aguascalientes","category-gobierno-del-estado-aguascalientes","tag-aguascalientes","tag-mos"],"jetpack_publicize_connections":[],"jetpack_featured_media_url":"https:\/\/i0.wp.com\/informativoelvalledeaguascalientes.online\/wp-content\/uploads\/2020\/05\/unnamed.jpg?fit=1280%2C853&ssl=1","jetpack-related-posts":[],"jetpack_sharing_enabled":true,"jetpack_likes_enabled":true,"_links":{"self":[{"href":"https:\/\/informativoelvalledeaguascalientes.online\/index.php?rest_route=\/wp\/v2\/posts\/6958","targetHints":{"allow":["GET"]}}],"collection":[{"href":"https:\/\/informativoelvalledeaguascalientes.online\/index.php?rest_route=\/wp\/v2\/posts"}],"about":[{"href":"https:\/\/informativoelvalledeaguascalientes.online\/index.php?rest_route=\/wp\/v2\/types\/post"}],"author":[{"embeddable":true,"href":"https:\/\/informativoelvalledeaguascalientes.online\/index.php?rest_route=\/wp\/v2\/users\/1"}],"replies":[{"embeddable":true,"href":"https:\/\/informativoelvalledeaguascalientes.online\/index.php?rest_route=%2Fwp%2Fv2%2Fcomments&post=6958"}],"version-history":[{"count":1,"href":"https:\/\/informativoelvalledeaguascalientes.online\/index.php?rest_route=\/wp\/v2\/posts\/6958\/revisions"}],"predecessor-version":[{"id":6960,"href":"https:\/\/informativoelvalledeaguascalientes.online\/index.php?rest_route=\/wp\/v2\/posts\/6958\/revisions\/6960"}],"wp:featuredmedia":[{"embeddable":true,"href":"https:\/\/informativoelvalledeaguascalientes.online\/index.php?rest_route=\/wp\/v2\/media\/6959"}],"wp:attachment":[{"href":"https:\/\/informativoelvalledeaguascalientes.online\/index.php?rest_route=%2Fwp%2Fv2%2Fmedia&parent=6958"}],"wp:term":[{"taxonomy":"category","embeddable":true,"href":"https:\/\/informativoelvalledeaguascalientes.online\/index.php?rest_route=%2Fwp%2Fv2%2Fcategories&post=6958"},{"taxonomy":"post_tag","embeddable":true,"href":"https:\/\/informativoelvalledeaguascalientes.online\/index.php?rest_route=%2Fwp%2Fv2%2Ftags&post=6958"}],"curies":[{"name":"wp","href":"https:\/\/api.w.org\/{rel}","templated":true}]}}